{"id":249334,"date":"2016-07-18T11:42:10","date_gmt":"2016-07-18T11:42:10","guid":{"rendered":"http:\/\/diariodominicano.ddns.net\/?p=249334"},"modified":"2016-07-18T11:42:10","modified_gmt":"2016-07-18T11:42:10","slug":"kerry-reitera-apoyo-a-una-ue-fuerte-durante-su-visita-a-bruselas","status":"publish","type":"post","link":"https:\/\/diariodominicano.com\/?p=249334","title":{"rendered":"Kerry reitera apoyo a una UE fuerte durante su visita a Bruselas"},"content":{"rendered":"<p><body><\/p>\n<p><img decoding=\"async\" src=\"img3\/Bruselas18-7.jpg\" \/>  <\/p>\n<p><span class=\"text1noticias\">    BRUSELAS, 18 jul (Xinhua) &#8212; El secretario de Estado de Estados Unidos, John Kerry, se reuni\u00f3 esta ma\u00f1ana en Bruselas con los ministros de Relaciones Exteriores de la Uni\u00f3n Europea (UE) a quienes reiter\u00f3 la necesidad de una fuerte unidad con el bloque.<\/span><\/p>\n<p><span class=\"text1noticias\"> <\/span><\/p>\n<p><span class=\"text1noticias\">     Kerry dijo en Twitter que es \u00abcr\u00edtico que permanezcamos unidos\u00bb.<\/span><\/p>\n<p><span class=\"text1noticias\"> <\/span><\/p>\n<p><span class=\"text1noticias\">     \u00abNuestra cooperaci\u00f3n es esencial para promover la paz, la estabilidad, la seguridad y la prosperidad internacionales\u00bb, dijo Kerry en una conferencia de prensa conjunta con la jefa de Asuntos Exteriores de la UE, Federica Mogherini, luego de la reuni\u00f3n.<\/span><\/p>\n<p><span class=\"text1noticias\"> <\/span><\/p>\n<p><span class=\"text1noticias\">     \u00abLa amplitud de nuestra agenda es absolutamente extraordinaria. Todos estamos unidos en la lucha contra el terrorismo y estamos unidos hoy para expresar nuestro pesar por el horrible ataque lanzado la semana pasada en Niza\u00bb, declar\u00f3 Kerry.<\/span><\/p>\n<p><span class=\"text1noticias\"> <\/span><\/p>\n<p><span class=\"text1noticias\">     Kerry dijo que el acto de brutalidad en Niza s\u00f3lo sirvi\u00f3 para fortalecer la determinaci\u00f3n compartida de combatir a las fuerzas del extremismo violento en todo el mundo.<\/span><\/p>\n<p><span class=\"text1noticias\"> <\/span><\/p>\n<p><span class=\"text1noticias\">     \u00abCon un nuevo gobierno tomando forma en Reino Unido y las pr\u00f3ximas negociaciones sobre la salida de Reino Unido de la UE, obviamente hay algo de incertidumbre, pero el resultado de la reuni\u00f3n de hoy es un notable sentido de unidad\u00bb, afirm\u00f3.<\/span><\/p>\n<p><span class=\"text1noticias\"> <\/span><\/p>\n<p><span class=\"text1noticias\">     La agenda difundida por la UE se\u00f1ala que discutieron las relaciones entre la Uni\u00f3n Europea y Estados Unidos e intercambiaron opiniones sobre asuntos urgentes de pol\u00edtica exterior. Tambi\u00e9n discutieron la reuni\u00f3n de \u00abl\u00edderes\u00bb del presidente de Estados Unidos, Barack Obama, sobre refugiados del 20 de septiembre en Nueva York.<\/span><\/p>\n<p><span class=\"text1noticias\"> <\/span><\/p>\n<p><span class=\"text1noticias\">     Los ministros discutieron la inestabilidad pol\u00edtica en Turqu\u00eda as\u00ed como las pr\u00f3ximas acciones que se deben emprender para fortalecer el gobierno de acuerdo nacional en Libia y expresaron su apoyo conjunto a la soberan\u00eda y la integridad territorial de Ucrania.<\/span><\/p>\n<p><span class=\"text1noticias\"> <\/span><\/p>\n<p><span class=\"text1noticias\">     El Departamento de Estado de Estados Unidos inform\u00f3 que Kerry visitar\u00e1 hoy Londres, donde asistir\u00e1 durante dos d\u00edas a reuniones multilaterales sobre Yemen <\/span>y Siria.<\/p>\n<h6> 2016-07-18 11:42:10 <\/h6>\n<p><!--\n<link rel=\"stylesheet\" href=\"css\/bootstrap.min.css\">\n\n\n<ul class=\"pagination\">\n\t    \n\t\n\n<li >\n\t<a href='?page_no=18978'>Previous<\/a>\n\t<\/li>\n\n\n       \n    \n\n<li><a href='?page_no=1'>1<\/a><\/li>\n\n\n\n<li><a href='?page_no=2'>2<\/a><\/li>\n\n\n\n<li><a>...<\/a><\/li>\n\n\n\n<li><a href='?page_no=18977'>18977<\/a><\/li>\n\n\n\n<li><a href='?page_no=18978'>18978<\/a><\/li>\n\n\n\n<li class='active'><a>18979<\/a><\/li>\n\n\n\n<li><a href='?page_no=18980'>18980<\/a><\/li>\n\n\n\n<li><a href='?page_no=18981'>18981<\/a><\/li>\n\n\n\n<li><a>...<\/a><\/li>\n\n\n\n<li><a href='?page_no=51012'>51012<\/a><\/li>\n\n\n\n<li><a href='?page_no=51013'>51013<\/a><\/li>\n\n    \n\t\n\n<li >\n\t<a href='?page_no=18980'>Next<\/a>\n\t<\/li>\n\n\n    \n\n<li><a href='?page_no=51013'>Last &rsaquo;&rsaquo;<\/a><\/li>\n\n<\/ul>\n\n\n--><br \/>\n<\/body><\/p>\n","protected":false},"excerpt":{"rendered":"<p>BRUSELAS, 18 jul (Xinhua) &#8212; El secretario de Estado de Estados Unidos, John Kerry, se reuni\u00f3 esta ma\u00f1ana en Bruselas con los ministros de Relaciones Exteriores de la Uni\u00f3n Europea (UE) a quienes reiter\u00f3 la necesidad de una fuerte unidad con el bloque. Kerry dijo en Twitter que es \u00abcr\u00edtico que permanezcamos unidos\u00bb. \u00abNuestra cooperaci\u00f3n [&hellip;]<\/p>\n","protected":false},"author":3,"featured_media":0,"comment_status":"open","ping_status":"open","sticky":false,"template":"","format":"standard","meta":{"footnotes":""},"categories":[23],"tags":[],"class_list":["post-249334","post","type-post","status-publish","format-standard","hentry","category-internacional"],"_links":{"self":[{"href":"https:\/\/diariodominicano.com\/index.php?rest_route=\/wp\/v2\/posts\/249334","targetHints":{"allow":["GET"]}}],"collection":[{"href":"https:\/\/diariodominicano.com\/index.php?rest_route=\/wp\/v2\/posts"}],"about":[{"href":"https:\/\/diariodominicano.com\/index.php?rest_route=\/wp\/v2\/types\/post"}],"author":[{"embeddable":true,"href":"https:\/\/diariodominicano.com\/index.php?rest_route=\/wp\/v2\/users\/3"}],"replies":[{"embeddable":true,"href":"https:\/\/diariodominicano.com\/index.php?rest_route=%2Fwp%2Fv2%2Fcomments&post=249334"}],"version-history":[{"count":0,"href":"https:\/\/diariodominicano.com\/index.php?rest_route=\/wp\/v2\/posts\/249334\/revisions"}],"wp:attachment":[{"href":"https:\/\/diariodominicano.com\/index.php?rest_route=%2Fwp%2Fv2%2Fmedia&parent=249334"}],"wp:term":[{"taxonomy":"category","embeddable":true,"href":"https:\/\/diariodominicano.com\/index.php?rest_route=%2Fwp%2Fv2%2Fcategories&post=249334"},{"taxonomy":"post_tag","embeddable":true,"href":"https:\/\/diariodominicano.com\/index.php?rest_route=%2Fwp%2Fv2%2Ftags&post=249334"}],"curies":[{"name":"wp","href":"https:\/\/api.w.org\/{rel}","templated":true}]}}