{"id":249333,"date":"2016-07-18T13:50:13","date_gmt":"2016-07-18T13:50:13","guid":{"rendered":"http:\/\/diariodominicano.ddns.net\/?p=249333"},"modified":"2016-07-18T13:50:13","modified_gmt":"2016-07-18T13:50:13","slug":"fiscal-frances-confirma-caracter-premeditado-del-atentado-en-niza","status":"publish","type":"post","link":"https:\/\/diariodominicano.com\/?p=249333","title":{"rendered":"&#13;Fiscal franc\u00e9s confirma car\u00e1cter premeditado del atentado en Niza"},"content":{"rendered":"<p><body><\/p>\n<p><img decoding=\"async\" src=\"img3\/fra-fiscal.jpg\" \/>  <\/p>\n<p><span class=\"text1noticias\"> <\/span><\/p>\n<p><span class=\"text1noticias\">  <\/span><\/p>\n<p><span class=\"text1noticias\">Par\u00eds, 18 jul (PL) El fiscal de Par\u00eds, Fran\u00e7ois Molins, confirm\u00f3 hoy que el reciente atentado en Niza fue un acto premeditado y preparado con antelaci\u00f3n, durante una declaraci\u00f3n a la prensa para informar sobre los resultados de las investigaciones en curso.<\/span><\/p>\n<\/p>\n<p><span class=\"text1noticias\">Varios datos encontrados en el ordenador de Mohamed Lahouaiej Bouhlel, autor de la masacre que dej\u00f3 84 muertos, evidencian que el individuo organiz\u00f3 el ataque en las \u00faltimas semanas, indic\u00f3 el procurador.<\/span><\/p>\n<\/p>\n<p><span class=\"text1noticias\">En los primeros d\u00edas de este mes el tunecino de 31 a\u00f1os busc\u00f3 informaciones sobre las festividades por el 14 de julio (aniversario de la toma de la Bastilla) en la sure\u00f1a ciudad de Niza, fecha y lugar en que llev\u00f3 a cabo la agresi\u00f3n.<\/span><\/p>\n<\/p>\n<p><span class=\"text1noticias\">Ese d\u00eda Lahouaiej Bouhlel arroll\u00f3 a la multitud congregada en el Paseo de los ingleses y provoc\u00f3 adem\u00e1s 300 heridos.<\/span><\/p>\n<\/p>\n<p><span class=\"text1noticias\">Aunque los testigos interrogados se\u00f1alaron que el atacante no profesaba la religi\u00f3n musulmana pues com\u00eda carne de cerdo y beb\u00eda alcohol, las pesquisas indican que se interes\u00f3 en sitios web relacionados con el islamismo radical, particularmente el Estado Isl\u00e1mico (EI).<\/span><\/p>\n<\/p>\n<p><span class=\"text1noticias\">Lahouaiej Bouhlel busc\u00f3 en Internet im\u00e1genes violentas de decapitaciones, as\u00ed como informaciones sobre los atentados terroristas ocurridos en las ciudades estadounidenses de Dallas y Orlando, precis\u00f3 el fiscal.<\/span><\/p>\n<\/p>\n<p><span class=\"text1noticias\">Asimismo, agreg\u00f3, el individuo recientemente hizo referencia espec\u00edfica al EI al comentar a un conocido que no entend\u00eda por qu\u00e9 esa organizaci\u00f3n no pod\u00eda aspirar a poseer un territorio propio.<\/span><\/p>\n<\/p>\n<p><span class=\"text1noticias\">Por otro lado, Molins confirm\u00f3 que de las seis personas detenidas como parte de las investigaciones, una fue la destinataria de un mensaje enviado por el agresor poco antes de los sucesos para pedir m\u00e1s armas.<\/span><\/p>\n<\/p>\n<p><span class=\"text1noticias\">En cuanto a los lesionados a ra\u00edz del ataque, detall\u00f3 que siguen hospitalizadas 74 personas, de ellas 19 con pron\u00f3stico reservado.<\/span><\/p>\n<\/p>\n<p><span class=\"text1noticias\">Al mediod\u00eda de hoy miles de franceses cumplieron un minuto de silencio en homenaje a las v\u00edctimas del atentado, con ceremonias realizadas en diversos puntos de la geograf\u00eda nacional.<\/span><\/p>\n<\/p>\n<p><span class=\"text1noticias\">Seg\u00fan las autoridades locales, en Niza unos 42 mil ciudadanos se reunieron en el Paseo de los ingleses para recordar a los fallecidos, 74 adultos y 10 ni\u00f1os.<\/span><\/p>\n<h6> 2016-07-18 13:50:13 <\/h6>\n<p><!--\n<link rel=\"stylesheet\" href=\"css\/bootstrap.min.css\">\n\n\n<ul class=\"pagination\">\n\t    \n\t\n\n<li >\n\t<a href='?page_no=18977'>Previous<\/a>\n\t<\/li>\n\n\n       \n    \n\n<li><a href='?page_no=1'>1<\/a><\/li>\n\n\n\n<li><a href='?page_no=2'>2<\/a><\/li>\n\n\n\n<li><a>...<\/a><\/li>\n\n\n\n<li><a href='?page_no=18976'>18976<\/a><\/li>\n\n\n\n<li><a href='?page_no=18977'>18977<\/a><\/li>\n\n\n\n<li class='active'><a>18978<\/a><\/li>\n\n\n\n<li><a href='?page_no=18979'>18979<\/a><\/li>\n\n\n\n<li><a href='?page_no=18980'>18980<\/a><\/li>\n\n\n\n<li><a>...<\/a><\/li>\n\n\n\n<li><a href='?page_no=51012'>51012<\/a><\/li>\n\n\n\n<li><a href='?page_no=51013'>51013<\/a><\/li>\n\n    \n\t\n\n<li >\n\t<a href='?page_no=18979'>Next<\/a>\n\t<\/li>\n\n\n    \n\n<li><a href='?page_no=51013'>Last &rsaquo;&rsaquo;<\/a><\/li>\n\n<\/ul>\n\n\n--><br \/>\n<\/body><\/p>\n","protected":false},"excerpt":{"rendered":"<p>Par\u00eds, 18 jul (PL) El fiscal de Par\u00eds, Fran\u00e7ois Molins, confirm\u00f3 hoy que el reciente atentado en Niza fue un acto premeditado y preparado con antelaci\u00f3n, durante una declaraci\u00f3n a la prensa para informar sobre los resultados de las investigaciones en curso. Varios datos encontrados en el ordenador de Mohamed Lahouaiej Bouhlel, autor de la [&hellip;]<\/p>\n","protected":false},"author":3,"featured_media":0,"comment_status":"open","ping_status":"open","sticky":false,"template":"","format":"standard","meta":{"footnotes":""},"categories":[23],"tags":[],"class_list":["post-249333","post","type-post","status-publish","format-standard","hentry","category-internacional"],"_links":{"self":[{"href":"https:\/\/diariodominicano.com\/index.php?rest_route=\/wp\/v2\/posts\/249333","targetHints":{"allow":["GET"]}}],"collection":[{"href":"https:\/\/diariodominicano.com\/index.php?rest_route=\/wp\/v2\/posts"}],"about":[{"href":"https:\/\/diariodominicano.com\/index.php?rest_route=\/wp\/v2\/types\/post"}],"author":[{"embeddable":true,"href":"https:\/\/diariodominicano.com\/index.php?rest_route=\/wp\/v2\/users\/3"}],"replies":[{"embeddable":true,"href":"https:\/\/diariodominicano.com\/index.php?rest_route=%2Fwp%2Fv2%2Fcomments&post=249333"}],"version-history":[{"count":0,"href":"https:\/\/diariodominicano.com\/index.php?rest_route=\/wp\/v2\/posts\/249333\/revisions"}],"wp:attachment":[{"href":"https:\/\/diariodominicano.com\/index.php?rest_route=%2Fwp%2Fv2%2Fmedia&parent=249333"}],"wp:term":[{"taxonomy":"category","embeddable":true,"href":"https:\/\/diariodominicano.com\/index.php?rest_route=%2Fwp%2Fv2%2Fcategories&post=249333"},{"taxonomy":"post_tag","embeddable":true,"href":"https:\/\/diariodominicano.com\/index.php?rest_route=%2Fwp%2Fv2%2Ftags&post=249333"}],"curies":[{"name":"wp","href":"https:\/\/api.w.org\/{rel}","templated":true}]}}