{"id":249331,"date":"2016-07-18T14:06:44","date_gmt":"2016-07-18T14:06:44","guid":{"rendered":"http:\/\/diariodominicano.ddns.net\/?p=249331"},"modified":"2016-07-18T14:06:44","modified_gmt":"2016-07-18T14:06:44","slug":"impulsan-iniciativa-para-refrendar-en-colombia-acuerdos-de-paz","status":"publish","type":"post","link":"https:\/\/diariodominicano.com\/?p=249331","title":{"rendered":"&#13;Impulsan iniciativa para refrendar en Colombia acuerdos de paz"},"content":{"rendered":"<p><body><\/p>\n<p><img decoding=\"async\" src=\"img3\/col-corte.jpg\" \/>  <\/p>\n<\/p>\n<p>Por Adalys Pilar Mireles<\/p>\n<\/p>\n<p>Bogot\u00e1, 18 jul (PL) A\u00fan sin un fallo de la Corte Constitucional sobre la conveniencia del plebiscito, simpatizantes del proceso de paz impulsan una cruzada para asegurar la refrendaci\u00f3n popular de los pactos firmados entre el gobierno colombiano y las FARC-EP. <\/p>\n<\/p>\n<p>El alto tribunal deber\u00e1 dar el visto bueno a esa propuesta, aprobada ya por el Congreso de la Rep\u00fablica y que deber\u00e1 ser sancionada tambi\u00e9n por el presidente Juan Manuel Santos antes de convertirse en norma de obligatorio cumplimiento.<\/p>\n<\/p>\n<p>Y aunque el ente judicial fij\u00f3 para este lunes el debate sobre el plebiscito desde el pasado viernes comenz\u00f3 oficialmente la campa\u00f1a \u00abLa paz s\u00ed es contigo\u00bb, liderada por sectores de la izquierda y que tuvo ecos en varias ciudades del pa\u00eds.<\/p>\n<\/p>\n<p>Con anterioridad est\u00e1bamos discutiendo cu\u00e1les eran las propuestas necesarias para enriquecer los acuerdos entre ambas partes beligerantes en foros y audiencias, pero en este momento es cuando empieza realmente la movilizaci\u00f3n en las calles para garantizar la validaci\u00f3n en las urnas de lo consensuado en Cuba, declar\u00f3 a Prensa Latina el congresista Iv\u00e1n Cepeda.<\/p>\n<\/p>\n<p>Desde 2012 representantes gubernamentales y de las insurgentes Fuerzas Armadas Revolucionarias de Colombia-Ej\u00e9rcito del Pueblo (FARC-EP) dialogan en La Habana con la finalidad de hallar una soluci\u00f3n concertada al conflicto entre ambas partes, pl\u00e1ticas que podr\u00edan finalizar satisfactoriamente en semanas venideras, adelant\u00f3 el presidente Juan Manuel Santos.<\/p>\n<\/p>\n<p>Luego del llamado Acuerdo Final ser\u00e1 el pueblo quien deber\u00e1 refrendar o legitimar todo lo pactado.<\/p>\n<\/p>\n<p>\u00abLa paz s\u00ed es contigo\u00bb constituye en esencia un llamado a la ciudadan\u00eda, a todos los actores de la sociedad para que respalden dichas conversaciones, no s\u00f3lo en t\u00e9rminos generales sino con una votaci\u00f3n masiva -probablemente en un plebiscito-, manifest\u00f3 el legislador, integrante del Polo Democr\u00e1tico Alternativo.<\/p>\n<\/p>\n<p>Tal iniciativa tuvo su estreno en Bogot\u00e1 y otras urbes con conciertos de agrupaciones musicales, plantones y marchas durante las cuales sus protagonistas celebraron los avances en los encuentros de la capital cubana.<\/p>\n<\/p>\n<p>Resulta vergonzoso que algunas personas inviten a votar en el sentido contrario, a favor de la guerra, de la prolongaci\u00f3n de la violencia, enfatiz\u00f3 el fil\u00f3sofo en alusi\u00f3n al llamado movimiento de resistencia civil promovido por el expresidente \u00c1lvaro Uribe con el prop\u00f3sito de rechazar los resultados de las reuniones en Cuba.<\/p>\n<\/p>\n<p>Uribe, actual senador y l\u00edder del partido de derecha Centro Democr\u00e1tico, acompa\u00f1\u00f3 su exhortaci\u00f3n con la recolecci\u00f3n de firmas para intentar evidenciar un supuesto descontento popular con el proceso de paz.<\/p>\n<\/p>\n<p>Detr\u00e1s de esas maniobras se esconde el miedo a la democracia, a la restituci\u00f3n de tierras, a que surja un movimiento popular con capacidad transformadora, \u00e9se es el trasfondo de dicho engendro el cual persigue encubrir una fuerza reaccionaria empe\u00f1ada en la prolongaci\u00f3n del conflicto, advirti\u00f3 Cepeda, uno de los defensores de las conversaciones con la insurgencia.<\/p>\n<\/p>\n<p>Seg\u00fan informativos locales el Ejecutivo conf\u00eda en la aprobaci\u00f3n del plebiscito por lo que algunos de sus voceros dejaron entrever la posibilidad de celebrarlo en septiembre pr\u00f3ximo, de firmarse la paz en agosto.<\/p>\n<\/p>\n<p>De momento la expectativa ronda en torno a la sentencia de la Corte Constitucional, que convoc\u00f3 para hoy el crucial an\u00e1lisis.<\/p>\n<\/p>\n<p>La guerra interna ha dejado unos 300 mil muertos, casi siete millones de desplazados de sus lugares de origen y al menos 45 mil desaparecidos.<\/p>\n<h6> 2016-07-18 14:06:44 <\/h6>\n<p><!--\n<link rel=\"stylesheet\" href=\"css\/bootstrap.min.css\">\n\n\n<ul class=\"pagination\">\n\t    \n\t\n\n<li >\n\t<a href='?page_no=18975'>Previous<\/a>\n\t<\/li>\n\n\n       \n    \n\n<li><a href='?page_no=1'>1<\/a><\/li>\n\n\n\n<li><a href='?page_no=2'>2<\/a><\/li>\n\n\n\n<li><a>...<\/a><\/li>\n\n\n\n<li><a href='?page_no=18974'>18974<\/a><\/li>\n\n\n\n<li><a href='?page_no=18975'>18975<\/a><\/li>\n\n\n\n<li class='active'><a>18976<\/a><\/li>\n\n\n\n<li><a href='?page_no=18977'>18977<\/a><\/li>\n\n\n\n<li><a href='?page_no=18978'>18978<\/a><\/li>\n\n\n\n<li><a>...<\/a><\/li>\n\n\n\n<li><a href='?page_no=51012'>51012<\/a><\/li>\n\n\n\n<li><a href='?page_no=51013'>51013<\/a><\/li>\n\n    \n\t\n\n<li >\n\t<a href='?page_no=18977'>Next<\/a>\n\t<\/li>\n\n\n    \n\n<li><a href='?page_no=51013'>Last &rsaquo;&rsaquo;<\/a><\/li>\n\n<\/ul>\n\n\n--><br \/>\n<\/body><\/p>\n","protected":false},"excerpt":{"rendered":"<p>Por Adalys Pilar Mireles Bogot\u00e1, 18 jul (PL) A\u00fan sin un fallo de la Corte Constitucional sobre la conveniencia del plebiscito, simpatizantes del proceso de paz impulsan una cruzada para asegurar la refrendaci\u00f3n popular de los pactos firmados entre el gobierno colombiano y las FARC-EP. El alto tribunal deber\u00e1 dar el visto bueno a esa [&hellip;]<\/p>\n","protected":false},"author":3,"featured_media":0,"comment_status":"open","ping_status":"open","sticky":false,"template":"","format":"standard","meta":{"footnotes":""},"categories":[23],"tags":[],"class_list":["post-249331","post","type-post","status-publish","format-standard","hentry","category-internacional"],"_links":{"self":[{"href":"https:\/\/diariodominicano.com\/index.php?rest_route=\/wp\/v2\/posts\/249331","targetHints":{"allow":["GET"]}}],"collection":[{"href":"https:\/\/diariodominicano.com\/index.php?rest_route=\/wp\/v2\/posts"}],"about":[{"href":"https:\/\/diariodominicano.com\/index.php?rest_route=\/wp\/v2\/types\/post"}],"author":[{"embeddable":true,"href":"https:\/\/diariodominicano.com\/index.php?rest_route=\/wp\/v2\/users\/3"}],"replies":[{"embeddable":true,"href":"https:\/\/diariodominicano.com\/index.php?rest_route=%2Fwp%2Fv2%2Fcomments&post=249331"}],"version-history":[{"count":0,"href":"https:\/\/diariodominicano.com\/index.php?rest_route=\/wp\/v2\/posts\/249331\/revisions"}],"wp:attachment":[{"href":"https:\/\/diariodominicano.com\/index.php?rest_route=%2Fwp%2Fv2%2Fmedia&parent=249331"}],"wp:term":[{"taxonomy":"category","embeddable":true,"href":"https:\/\/diariodominicano.com\/index.php?rest_route=%2Fwp%2Fv2%2Fcategories&post=249331"},{"taxonomy":"post_tag","embeddable":true,"href":"https:\/\/diariodominicano.com\/index.php?rest_route=%2Fwp%2Fv2%2Ftags&post=249331"}],"curies":[{"name":"wp","href":"https:\/\/api.w.org\/{rel}","templated":true}]}}