{"id":249330,"date":"2016-07-18T14:14:29","date_gmt":"2016-07-18T14:14:29","guid":{"rendered":"http:\/\/diariodominicano.ddns.net\/?p=249330"},"modified":"2016-07-18T14:14:29","modified_gmt":"2016-07-18T14:14:29","slug":"arabia-saudita-tramita-extradicion-de-agregado-militar-turco","status":"publish","type":"post","link":"https:\/\/diariodominicano.com\/?p=249330","title":{"rendered":"&#13;Arabia Saudita tramita extradici\u00f3n de agregado militar turco"},"content":{"rendered":"<p><body><\/p>\n<\/p>\n<p>Riad, 18 jul (PL) Autoridades de Arabia Saudita iniciaron el proceso de extradici\u00f3n a su pa\u00eds del agregado militar de la embajada de Turqu\u00eda en Kuwait, Mijail G\u00fcll\u00fc, arrestado el domingo en Dammam cuando viajaba a Amsterdam, informaron hoy fuentes period\u00edsticas.<\/p>\n<\/p>\n<p>De acuerdo con el peri\u00f3dico \u00e1rabe Okaz, G\u00fcll\u00fc estaba se\u00f1alado para ser designado presidente de la Corporaci\u00f3n de Industria Mec\u00e1nica y Qu\u00edmica, si ten\u00eda \u00e9xito el golpe de estado que grupos de militares intentaron dar el viernes contra el presidente turco, Recep Tayyid Erdogan.<\/p>\n<\/p>\n<p>El diplom\u00e1tico fue detenido ayer cuando viajaba desde Kuwait hacia Amsterdam e hizo una escala en el aeropuerto internacional Rey Fahd de Dammam, apunt\u00f3 por su lado el diario kuwait\u00ed Alrai, que precis\u00f3 todo el itinerario previsto, incluido el paso por la terminal alemana de Dusseldorf.<\/p>\n<\/p>\n<p>Dicho rotativo cit\u00f3 fuentes que aseguraron que el agregado militar estaba en la lista de personas preparadas por la junta para ocupar puestos en el eventual gobierno que emanar\u00eda tras la asonada castrense en el pa\u00eds euroasi\u00e1tico.<\/p>\n<\/p>\n<p>Otros medios noticiosos regionales, entre ellos el peri\u00f3dico digital Al-Qabas, indicaron que el embajador turco en Kuwait, Murad Tamir, confirm\u00f3 que el reino saudita est\u00e1 coordinando todo lo necesario para extraditar a Mijail G\u00fcll\u00fc.<\/p>\n<\/p>\n<p>Los cargos contra G\u00fcll\u00fc son meras acusaciones que ser\u00e1n investigadas una vez sea extraditado a Turqu\u00eda, habr\u00eda dicho el embajador al ser preguntado por c\u00edrculos noticiosos en el vecino emirato del golfo P\u00e9rsico.<\/p>\n<\/p>\n<p>Informes procedentes de Ankara refieren que m\u00e1s de 290 personas murieron durante los incidentes violentos que acompa\u00f1aron al intento de golpe de estado y que hasta la fecha est\u00e1n detenidas m\u00e1s de seis mil, entre militares golpistas, jueces, otros magistrados, pol\u00edticos y civiles.<\/p>\n<h6> 2016-07-18 14:14:29 <\/h6>\n<p><!--\n<link rel=\"stylesheet\" href=\"css\/bootstrap.min.css\">\n\n\n<ul class=\"pagination\">\n\t    \n\t\n\n<li >\n\t<a href='?page_no=18974'>Previous<\/a>\n\t<\/li>\n\n\n       \n    \n\n<li><a href='?page_no=1'>1<\/a><\/li>\n\n\n\n<li><a href='?page_no=2'>2<\/a><\/li>\n\n\n\n<li><a>...<\/a><\/li>\n\n\n\n<li><a href='?page_no=18973'>18973<\/a><\/li>\n\n\n\n<li><a href='?page_no=18974'>18974<\/a><\/li>\n\n\n\n<li class='active'><a>18975<\/a><\/li>\n\n\n\n<li><a href='?page_no=18976'>18976<\/a><\/li>\n\n\n\n<li><a href='?page_no=18977'>18977<\/a><\/li>\n\n\n\n<li><a>...<\/a><\/li>\n\n\n\n<li><a href='?page_no=51012'>51012<\/a><\/li>\n\n\n\n<li><a href='?page_no=51013'>51013<\/a><\/li>\n\n    \n\t\n\n<li >\n\t<a href='?page_no=18976'>Next<\/a>\n\t<\/li>\n\n\n    \n\n<li><a href='?page_no=51013'>Last &rsaquo;&rsaquo;<\/a><\/li>\n\n<\/ul>\n\n\n--><br \/>\n<\/body><\/p>\n","protected":false},"excerpt":{"rendered":"<p>Riad, 18 jul (PL) Autoridades de Arabia Saudita iniciaron el proceso de extradici\u00f3n a su pa\u00eds del agregado militar de la embajada de Turqu\u00eda en Kuwait, Mijail G\u00fcll\u00fc, arrestado el domingo en Dammam cuando viajaba a Amsterdam, informaron hoy fuentes period\u00edsticas. De acuerdo con el peri\u00f3dico \u00e1rabe Okaz, G\u00fcll\u00fc estaba se\u00f1alado para ser designado presidente [&hellip;]<\/p>\n","protected":false},"author":3,"featured_media":0,"comment_status":"open","ping_status":"open","sticky":false,"template":"","format":"standard","meta":{"footnotes":""},"categories":[23],"tags":[],"class_list":["post-249330","post","type-post","status-publish","format-standard","hentry","category-internacional"],"_links":{"self":[{"href":"https:\/\/diariodominicano.com\/index.php?rest_route=\/wp\/v2\/posts\/249330","targetHints":{"allow":["GET"]}}],"collection":[{"href":"https:\/\/diariodominicano.com\/index.php?rest_route=\/wp\/v2\/posts"}],"about":[{"href":"https:\/\/diariodominicano.com\/index.php?rest_route=\/wp\/v2\/types\/post"}],"author":[{"embeddable":true,"href":"https:\/\/diariodominicano.com\/index.php?rest_route=\/wp\/v2\/users\/3"}],"replies":[{"embeddable":true,"href":"https:\/\/diariodominicano.com\/index.php?rest_route=%2Fwp%2Fv2%2Fcomments&post=249330"}],"version-history":[{"count":0,"href":"https:\/\/diariodominicano.com\/index.php?rest_route=\/wp\/v2\/posts\/249330\/revisions"}],"wp:attachment":[{"href":"https:\/\/diariodominicano.com\/index.php?rest_route=%2Fwp%2Fv2%2Fmedia&parent=249330"}],"wp:term":[{"taxonomy":"category","embeddable":true,"href":"https:\/\/diariodominicano.com\/index.php?rest_route=%2Fwp%2Fv2%2Fcategories&post=249330"},{"taxonomy":"post_tag","embeddable":true,"href":"https:\/\/diariodominicano.com\/index.php?rest_route=%2Fwp%2Fv2%2Ftags&post=249330"}],"curies":[{"name":"wp","href":"https:\/\/api.w.org\/{rel}","templated":true}]}}