{"id":249329,"date":"2016-07-19T02:46:37","date_gmt":"2016-07-19T02:46:37","guid":{"rendered":"http:\/\/diariodominicano.ddns.net\/?p=249329"},"modified":"2016-07-19T02:46:37","modified_gmt":"2016-07-19T02:46:37","slug":"la-policia-alemana-mato-a-un-hombre-que-agredio-con-hacha-a-pasajeros-de-un-tren","status":"publish","type":"post","link":"https:\/\/diariodominicano.com\/?p=249329","title":{"rendered":"La polic\u00eda alemana mat\u00f3 a un hombre que agredi\u00f3 con hacha a pasajeros de un tren"},"content":{"rendered":"<p><body><\/p>\n<p><img decoding=\"async\" src=\"img3\/f779093ad1e07b1c06e991e7fd1afaa87916ef55.jpg\" \/>  <\/p>\n<\/p>\n<p>19 Jul 2016<\/p>\n<\/p>\n<p>dpa\/AFP \/ Karl-Josef Hildenbrand<\/p>\n<p><strong>Rescatistas cerca de las v\u00edas de tren en Wuerzburg en el sur de Alemania el 18 de julio de 2016<\/strong><\/p>\n<p>La polic\u00eda alemana mat\u00f3 este lunes a un hombre que agredi\u00f3 con hacha y cuchillo a pasajeros de un tren regional cerca de W\u00fcrzburg (sur), hiriendo gravemente a tres personas y varias levemente, indic\u00f3 la prensa local, que cita a la polic\u00eda local.<\/p>\n<p>La polic\u00eda precis\u00f3 haber matado al hombre cuando se dispon\u00eda a huir.<\/p>\n<p>El autor de la agresi\u00f3n era un afgano de 17 a\u00f1os, indic\u00f3 el ministro de Interior de Baviera.<\/p>\n<p>\u00abEl autor es un afgano de 17 a\u00f1os\u00bb residente en la localidad de Ochsenfurt, vecina del lugar donde se produjo la agresi\u00f3n, cerca de Wurzburgo, indic\u00f3 el ministro de Interior de Baviera, Joachim Hermann al canal p\u00fablico de televisi\u00f3n ARD, sin precisar las motivaciones del joven, que la polic\u00eda mat\u00f3 cuando intentaba huir.<\/p>\n<p>\u00abResulta bastante probable que se trate de un atentado islamista\u00bb, declar\u00f3 de su lado a la AFP un portavoz del ministerio de Interior de Baviera, quien subray\u00f3 que el agresor, que hab\u00eda solicitado asilo, hab\u00eda gritado \u00abAllahu Akbar\u00bb (Al\u00e1 es grande) en el momento de la agresi\u00f3n.<\/p>\n<h6> 2016-07-19 02:46:37 <\/h6>\n<p><!--\n<link rel=\"stylesheet\" href=\"css\/bootstrap.min.css\">\n\n\n<ul class=\"pagination\">\n\t    \n\t\n\n<li >\n\t<a href='?page_no=18973'>Previous<\/a>\n\t<\/li>\n\n\n       \n    \n\n<li><a href='?page_no=1'>1<\/a><\/li>\n\n\n\n<li><a href='?page_no=2'>2<\/a><\/li>\n\n\n\n<li><a>...<\/a><\/li>\n\n\n\n<li><a href='?page_no=18972'>18972<\/a><\/li>\n\n\n\n<li><a href='?page_no=18973'>18973<\/a><\/li>\n\n\n\n<li class='active'><a>18974<\/a><\/li>\n\n\n\n<li><a href='?page_no=18975'>18975<\/a><\/li>\n\n\n\n<li><a href='?page_no=18976'>18976<\/a><\/li>\n\n\n\n<li><a>...<\/a><\/li>\n\n\n\n<li><a href='?page_no=51012'>51012<\/a><\/li>\n\n\n\n<li><a href='?page_no=51013'>51013<\/a><\/li>\n\n    \n\t\n\n<li >\n\t<a href='?page_no=18975'>Next<\/a>\n\t<\/li>\n\n\n    \n\n<li><a href='?page_no=51013'>Last &rsaquo;&rsaquo;<\/a><\/li>\n\n<\/ul>\n\n\n--><br \/>\n<\/body><\/p>\n","protected":false},"excerpt":{"rendered":"<p>19 Jul 2016 dpa\/AFP \/ Karl-Josef Hildenbrand Rescatistas cerca de las v\u00edas de tren en Wuerzburg en el sur de Alemania el 18 de julio de 2016 La polic\u00eda alemana mat\u00f3 este lunes a un hombre que agredi\u00f3 con hacha y cuchillo a pasajeros de un tren regional cerca de W\u00fcrzburg (sur), hiriendo gravemente a [&hellip;]<\/p>\n","protected":false},"author":3,"featured_media":0,"comment_status":"open","ping_status":"open","sticky":false,"template":"","format":"standard","meta":{"footnotes":""},"categories":[23],"tags":[],"class_list":["post-249329","post","type-post","status-publish","format-standard","hentry","category-internacional"],"_links":{"self":[{"href":"https:\/\/diariodominicano.com\/index.php?rest_route=\/wp\/v2\/posts\/249329","targetHints":{"allow":["GET"]}}],"collection":[{"href":"https:\/\/diariodominicano.com\/index.php?rest_route=\/wp\/v2\/posts"}],"about":[{"href":"https:\/\/diariodominicano.com\/index.php?rest_route=\/wp\/v2\/types\/post"}],"author":[{"embeddable":true,"href":"https:\/\/diariodominicano.com\/index.php?rest_route=\/wp\/v2\/users\/3"}],"replies":[{"embeddable":true,"href":"https:\/\/diariodominicano.com\/index.php?rest_route=%2Fwp%2Fv2%2Fcomments&post=249329"}],"version-history":[{"count":0,"href":"https:\/\/diariodominicano.com\/index.php?rest_route=\/wp\/v2\/posts\/249329\/revisions"}],"wp:attachment":[{"href":"https:\/\/diariodominicano.com\/index.php?rest_route=%2Fwp%2Fv2%2Fmedia&parent=249329"}],"wp:term":[{"taxonomy":"category","embeddable":true,"href":"https:\/\/diariodominicano.com\/index.php?rest_route=%2Fwp%2Fv2%2Fcategories&post=249329"},{"taxonomy":"post_tag","embeddable":true,"href":"https:\/\/diariodominicano.com\/index.php?rest_route=%2Fwp%2Fv2%2Ftags&post=249329"}],"curies":[{"name":"wp","href":"https:\/\/api.w.org\/{rel}","templated":true}]}}