{"id":249328,"date":"2016-07-19T03:15:00","date_gmt":"2016-07-19T03:15:00","guid":{"rendered":"http:\/\/diariodominicano.ddns.net\/?p=249328"},"modified":"2016-07-19T03:15:00","modified_gmt":"2016-07-19T03:15:00","slug":"colombia-podra-realizar-un-plebiscito-para-refrendar-la-paz-con-farc","status":"publish","type":"post","link":"https:\/\/diariodominicano.com\/?p=249328","title":{"rendered":"Colombia podr\u00e1 realizar un plebiscito para refrendar la paz con FARC"},"content":{"rendered":"<p><body><\/p>\n<p><img decoding=\"async\" src=\"img3\/df4d0ea79c991fbc3eb91cb3ddee6d048f3c9750.jpg\" \/>  <\/p>\n<\/p>\n<p>19 Jul 2016<\/p>\n<\/p>\n<p><strong>Colombian Presidency\/AFP \/ CESAR CARRION<\/strong><\/p>\n<p><strong>El presidente de Colombia, Juan Manuel Santos, habla sobre las medidas tomadas por el gobierno en respuesta a un paro camionero, el 14 de julio de 2016 en el palacio Nari\u00f1o de Bogot\u00e1<\/strong><\/p>\n<p>Colombia podr\u00e1 realizar un plebiscito como mecanismo de refrendaci\u00f3n del acuerdo final de paz con la guerrilla FARC para poner fin a medio siglo de conflicto armado, decidi\u00f3 este lunes la Corte Constitucional en un fallo celebrado por el presidente Juan Manuel Santos.<\/p>\n<p>\u00abSe le ha dado luz verde a que seamos los colombianos los que aprobemos con nuestro voto el acuerdo de paz\u00bb, dijo el jefe de Estado, al recordar el \u00abcompromiso solemne\u00bb que asumi\u00f3 hace casi cuatro a\u00f1os cuando inici\u00f3 las negociaciones con las Fuerzas Armadas Revolucionarias de Colombia (FARC).<\/p>\n<p>\u00abMe compromet\u00ed con ustedes a hacerlo porque la paz es un prop\u00f3sito y un objetivo nacional, de todos los colombianos sin excepci\u00f3n\u00bb, apunt\u00f3 el mandatario en una alocuci\u00f3n televisada poco despu\u00e9s de conocerse el fallo de la Corte.<\/p>\n<p>La sala plena del m\u00e1ximo tribunal, que vela por el respeto de la Carta Magna, debati\u00f3 por m\u00e1s de ocho horas la ponencia del magistrado Luis Ernesto Vargas sobre la legalidad del proyecto de ley ya aprobado por el Congreso.<\/p>\n<p>La Corte \u00abdeclar\u00f3 conforme a la Constituci\u00f3n\u00bb el mecanismo por el cual el presidente podr\u00e1 convocar a los colombianos a pronunciarse sobre el pacto final de paz con el principal y m\u00e1s antiguo grupo rebelde del pa\u00eds, inform\u00f3 en rueda de prensa la presidenta de la corporaci\u00f3n, Mar\u00eda Victoria Calle.<\/p>\n<p>\u00abEl proyecto de ley ten\u00eda seis art\u00edculos y la Corte deb\u00eda constatar el procedimiento legislativo y el contenido\u00bb, dijo Calle.<\/p>\n<p>Sobre el primero, \u00abla corporaci\u00f3n declar\u00f3 que estaba acorde con la reglas consagradas en la Constituci\u00f3n\u00bb, apunt\u00f3.<\/p>\n<p>Respecto al segundo, lo consider\u00f3 \u00abajustado\u00bb a la Carta Magna \u00abcon la condici\u00f3n de que se interprete que el acuerdo final es una decisi\u00f3n pol\u00edtica y la refrendaci\u00f3n a la cual alude (&#8230;) no implica por s\u00ed misma una incorporaci\u00f3n de lo acordado en (&#8230;) el ordenamiento jur\u00eddico colombiano\u00bb.<\/p>\n<p>\u00abLa publicaci\u00f3n del acuerdo final se realizar\u00e1 simult\u00e1neamente con la presentaci\u00f3n del informe del presidente al Congreso acerca de su intenci\u00f3n de convocar a un plebiscito con el fin de que el Congreso y el pueblo puedan conocer oportunamente el contenido de lo acordado\u00bb, dispuso asimismo el tribunal.<\/p>\n<p>La votaci\u00f3n no fue un\u00e1nime, sino por mayor\u00eda. \u00abVari\u00f3 seg\u00fan los art\u00edculos. En unos quedaron 7 a 2 y en otros 6 a 3\u00bb, indic\u00f3 a la AFP una fuente cercana a la corporaci\u00f3n.<\/p>\n<p>&#8211; Aprobaci\u00f3n con 13% de participaci\u00f3n &#8211;<\/p>\n<p>Con respecto al espinoso tema del porcentaje del censo electoral necesario para la aprobaci\u00f3n del plebiscito, la Corte ratific\u00f3 la reducci\u00f3n del umbral de m\u00e1s del 50% al 13% del total de ciudadanos habilitados a votar.<\/p>\n<p>Esto supone que el acuerdo de paz con las FARC podr\u00e1 ser aprobado con 4,4 millones de votos en 33,8 millones de votantes habilitados.<\/p>\n<p>\u00abEl umbral no legitima la decisi\u00f3n, bajarlo al 13% es decir que somos una democracia muy d\u00e9bil\u00bb, opin\u00f3 a la AFP la constitucionalista Luisa Fernanda Garc\u00eda.<\/p>\n<p>\u00abHay un gran grado de abstenci\u00f3n en la democracia colombiana, porque los colombianos no tienen un alto grado de credibilidad en las instituciones\u00bb, apunt\u00f3 la profesora de la Universidad del Rosario, en alusi\u00f3n a la participaci\u00f3n electoral promedio de poco m\u00e1s de 50%.<\/p>\n<p>Santos destac\u00f3 el plebiscito como una \u00aboportunidad \u00fanica para cambiar el rumbo\u00bb de Colombia. \u00abProbablemente es la decisi\u00f3n de voto m\u00e1s importante que cada uno de nosotros tendr\u00e1 que tomar en toda su vida\u00bb, dijo.<\/p>\n<p>El mandatario, impulsor de la paz desde que asumi\u00f3 su primer mandato en 2010, cit\u00f3 la obra cumbre del nobel colombiano Gabriel Garc\u00eda M\u00e1rquez, al instar a construir \u00abuna nueva y arrasadora utop\u00eda de la vida (&#8230;) donde las estirpes condenadas a cien a\u00f1os de soledad tengan por fin y para siempre una segunda oportunidad sobre la tierra\u00bb.<\/p>\n<p>El gobierno de Santos y las FARC, organizaci\u00f3n marxista surgida de una sublevaci\u00f3n campesina en 1964, negocian la paz en Cuba desde noviembre de 2012.<\/p>\n<p>El pasado 23 de junio sellaron las condiciones del alto al fuego definitivo, el desarme de los rebeldes y convinieron acatar la decisi\u00f3n de la Corte sobre el mecanismo de validaci\u00f3n del pacto final, que se espera firmen pr\u00f3ximamente.<\/p>\n<p>Colombia vive un conflicto armado que ha enfrentado a guerrillas, paramilitares y agentes del Estado, con un saldo de alrededor de 260.000 muertos, 45.000 desaparecidos y 6,9 millones de desplazados.<\/p>\n<h6> 2016-07-19 03:15:00 <\/h6>\n<p><!--\n<link rel=\"stylesheet\" href=\"css\/bootstrap.min.css\">\n\n\n<ul class=\"pagination\">\n\t    \n\t\n\n<li >\n\t<a href='?page_no=18972'>Previous<\/a>\n\t<\/li>\n\n\n       \n    \n\n<li><a href='?page_no=1'>1<\/a><\/li>\n\n\n\n<li><a href='?page_no=2'>2<\/a><\/li>\n\n\n\n<li><a>...<\/a><\/li>\n\n\n\n<li><a href='?page_no=18971'>18971<\/a><\/li>\n\n\n\n<li><a href='?page_no=18972'>18972<\/a><\/li>\n\n\n\n<li class='active'><a>18973<\/a><\/li>\n\n\n\n<li><a href='?page_no=18974'>18974<\/a><\/li>\n\n\n\n<li><a href='?page_no=18975'>18975<\/a><\/li>\n\n\n\n<li><a>...<\/a><\/li>\n\n\n\n<li><a href='?page_no=51012'>51012<\/a><\/li>\n\n\n\n<li><a href='?page_no=51013'>51013<\/a><\/li>\n\n    \n\t\n\n<li >\n\t<a href='?page_no=18974'>Next<\/a>\n\t<\/li>\n\n\n    \n\n<li><a href='?page_no=51013'>Last &rsaquo;&rsaquo;<\/a><\/li>\n\n<\/ul>\n\n\n--><br \/>\n<\/body><\/p>\n","protected":false},"excerpt":{"rendered":"<p>19 Jul 2016 Colombian Presidency\/AFP \/ CESAR CARRION El presidente de Colombia, Juan Manuel Santos, habla sobre las medidas tomadas por el gobierno en respuesta a un paro camionero, el 14 de julio de 2016 en el palacio Nari\u00f1o de Bogot\u00e1 Colombia podr\u00e1 realizar un plebiscito como mecanismo de refrendaci\u00f3n del acuerdo final de paz [&hellip;]<\/p>\n","protected":false},"author":3,"featured_media":0,"comment_status":"open","ping_status":"open","sticky":false,"template":"","format":"standard","meta":{"footnotes":""},"categories":[23],"tags":[],"class_list":["post-249328","post","type-post","status-publish","format-standard","hentry","category-internacional"],"_links":{"self":[{"href":"https:\/\/diariodominicano.com\/index.php?rest_route=\/wp\/v2\/posts\/249328","targetHints":{"allow":["GET"]}}],"collection":[{"href":"https:\/\/diariodominicano.com\/index.php?rest_route=\/wp\/v2\/posts"}],"about":[{"href":"https:\/\/diariodominicano.com\/index.php?rest_route=\/wp\/v2\/types\/post"}],"author":[{"embeddable":true,"href":"https:\/\/diariodominicano.com\/index.php?rest_route=\/wp\/v2\/users\/3"}],"replies":[{"embeddable":true,"href":"https:\/\/diariodominicano.com\/index.php?rest_route=%2Fwp%2Fv2%2Fcomments&post=249328"}],"version-history":[{"count":0,"href":"https:\/\/diariodominicano.com\/index.php?rest_route=\/wp\/v2\/posts\/249328\/revisions"}],"wp:attachment":[{"href":"https:\/\/diariodominicano.com\/index.php?rest_route=%2Fwp%2Fv2%2Fmedia&parent=249328"}],"wp:term":[{"taxonomy":"category","embeddable":true,"href":"https:\/\/diariodominicano.com\/index.php?rest_route=%2Fwp%2Fv2%2Fcategories&post=249328"},{"taxonomy":"post_tag","embeddable":true,"href":"https:\/\/diariodominicano.com\/index.php?rest_route=%2Fwp%2Fv2%2Ftags&post=249328"}],"curies":[{"name":"wp","href":"https:\/\/api.w.org\/{rel}","templated":true}]}}