{"id":249326,"date":"2016-07-19T08:44:50","date_gmt":"2016-07-19T08:44:50","guid":{"rendered":"http:\/\/diariodominicano.ddns.net\/?p=249326"},"modified":"2016-07-19T08:44:50","modified_gmt":"2016-07-19T08:44:50","slug":"afgano-ataca-a-viajeros-en-tren-aleman-posible-motivo-politico","status":"publish","type":"post","link":"https:\/\/diariodominicano.com\/?p=249326","title":{"rendered":"Afgano ataca a viajeros en tren alem\u00e1n, posible motivo pol\u00edtico"},"content":{"rendered":"<p><body><\/p>\n<p><img decoding=\"async\" src=\"img3\/alemania-ataque-tren19-7.jpg\" \/>  <\/p>\n<p><span class=\"text1noticias\">Berl\u00edn, 19 jul (PL) Un hombre atac\u00f3 hoy con armas blancas y punzantes a varios viajeros en un tren regional en el sur de Alemania.<\/span><\/p>\n<p><span class=\"text1noticias\"> <\/span><\/p>\n<p><span class=\"text1noticias\">El hombre, de 17 a\u00f1os y procedencia afgana, hiri\u00f3 a por los menos cuatro pasajeros, hasta que la polic\u00eda federal le mat\u00f3 a tiros.<\/span><\/p>\n<p><span class=\"text1noticias\"> <\/span><\/p>\n<p><span class=\"text1noticias\">El incidente ocurri\u00f3 en un tren regional entre las ciudades de Wurzburgo y Heidingsfeld.<\/span><\/p>\n<p><span class=\"text1noticias\"> <\/span><\/p>\n<p><span class=\"text1noticias\">Seg\u00fan la polic\u00eda, varias personas resultaron heridas, otras sufrieron un choque nervioso.<\/span><\/p>\n<p><span class=\"text1noticias\"> <\/span><\/p>\n<p><span class=\"text1noticias\">La polic\u00eda ultim\u00f3 al joven cuando atac\u00f3 al comando m\u00f3vil, inform\u00f3 el ministro del Interior del Estado de Baviera, Joachim Herrmann.<\/span><\/p>\n<p><span class=\"text1noticias\"> <\/span><\/p>\n<p><span class=\"text1noticias\">Seg\u00fan el pol\u00edtico socialcristiano, el atacante sali\u00f3 del tren despu\u00e9s de la agresi\u00f3n.<\/span><\/p>\n<p><span class=\"text1noticias\"> <\/span><\/p>\n<p><span class=\"text1noticias\">Un grupo especial de operaciones, que se encontr\u00f3 en las cercan\u00edas, emprendi\u00f3 la persecuci\u00f3n del fugitivo y lo captur\u00f3.<\/span><\/p>\n<p><span class=\"text1noticias\"> <\/span><\/p>\n<p><span class=\"text1noticias\">Mientras, la brigada regional de investigaci\u00f3n criminal de Baviera asumi\u00f3 las investigaciones.<\/span><\/p>\n<p><span class=\"text1noticias\"> <\/span><\/p>\n<p><span class=\"text1noticias\">Seg\u00fan esta instituci\u00f3n, se encontr\u00f3 en la mochila del hombre una bandera, elaborada a mano, del grupo terrorista Estado I<\/span>sl\u00e1mico.<\/p>\n<h6> 2016-07-19 08:44:50 <\/h6>\n<p><!--\n<link rel=\"stylesheet\" href=\"css\/bootstrap.min.css\">\n\n\n<ul class=\"pagination\">\n\t    \n\t\n\n<li >\n\t<a href='?page_no=18970'>Previous<\/a>\n\t<\/li>\n\n\n       \n    \n\n<li><a href='?page_no=1'>1<\/a><\/li>\n\n\n\n<li><a href='?page_no=2'>2<\/a><\/li>\n\n\n\n<li><a>...<\/a><\/li>\n\n\n\n<li><a href='?page_no=18969'>18969<\/a><\/li>\n\n\n\n<li><a href='?page_no=18970'>18970<\/a><\/li>\n\n\n\n<li class='active'><a>18971<\/a><\/li>\n\n\n\n<li><a href='?page_no=18972'>18972<\/a><\/li>\n\n\n\n<li><a href='?page_no=18973'>18973<\/a><\/li>\n\n\n\n<li><a>...<\/a><\/li>\n\n\n\n<li><a href='?page_no=51012'>51012<\/a><\/li>\n\n\n\n<li><a href='?page_no=51013'>51013<\/a><\/li>\n\n    \n\t\n\n<li >\n\t<a href='?page_no=18972'>Next<\/a>\n\t<\/li>\n\n\n    \n\n<li><a href='?page_no=51013'>Last &rsaquo;&rsaquo;<\/a><\/li>\n\n<\/ul>\n\n\n--><br \/>\n<\/body><\/p>\n","protected":false},"excerpt":{"rendered":"<p>Berl\u00edn, 19 jul (PL) Un hombre atac\u00f3 hoy con armas blancas y punzantes a varios viajeros en un tren regional en el sur de Alemania. El hombre, de 17 a\u00f1os y procedencia afgana, hiri\u00f3 a por los menos cuatro pasajeros, hasta que la polic\u00eda federal le mat\u00f3 a tiros. El incidente ocurri\u00f3 en un tren [&hellip;]<\/p>\n","protected":false},"author":3,"featured_media":0,"comment_status":"open","ping_status":"open","sticky":false,"template":"","format":"standard","meta":{"footnotes":""},"categories":[23],"tags":[],"class_list":["post-249326","post","type-post","status-publish","format-standard","hentry","category-internacional"],"_links":{"self":[{"href":"https:\/\/diariodominicano.com\/index.php?rest_route=\/wp\/v2\/posts\/249326","targetHints":{"allow":["GET"]}}],"collection":[{"href":"https:\/\/diariodominicano.com\/index.php?rest_route=\/wp\/v2\/posts"}],"about":[{"href":"https:\/\/diariodominicano.com\/index.php?rest_route=\/wp\/v2\/types\/post"}],"author":[{"embeddable":true,"href":"https:\/\/diariodominicano.com\/index.php?rest_route=\/wp\/v2\/users\/3"}],"replies":[{"embeddable":true,"href":"https:\/\/diariodominicano.com\/index.php?rest_route=%2Fwp%2Fv2%2Fcomments&post=249326"}],"version-history":[{"count":0,"href":"https:\/\/diariodominicano.com\/index.php?rest_route=\/wp\/v2\/posts\/249326\/revisions"}],"wp:attachment":[{"href":"https:\/\/diariodominicano.com\/index.php?rest_route=%2Fwp%2Fv2%2Fmedia&parent=249326"}],"wp:term":[{"taxonomy":"category","embeddable":true,"href":"https:\/\/diariodominicano.com\/index.php?rest_route=%2Fwp%2Fv2%2Fcategories&post=249326"},{"taxonomy":"post_tag","embeddable":true,"href":"https:\/\/diariodominicano.com\/index.php?rest_route=%2Fwp%2Fv2%2Ftags&post=249326"}],"curies":[{"name":"wp","href":"https:\/\/api.w.org\/{rel}","templated":true}]}}