{"id":249323,"date":"2016-07-19T09:44:06","date_gmt":"2016-07-19T09:44:06","guid":{"rendered":"http:\/\/diariodominicano.ddns.net\/?p=249323"},"modified":"2016-07-19T09:44:06","modified_gmt":"2016-07-19T09:44:06","slug":"onu-pide-a-turquia-tratar-a-golpistas-sin-violar-los-derechos-humanos","status":"publish","type":"post","link":"https:\/\/diariodominicano.com\/?p=249323","title":{"rendered":"ONU pide a Turqu\u00eda tratar a golpistas sin violar los derechos humanos"},"content":{"rendered":"<p><body><\/p>\n<p><span class=\"text1noticias\">Naciones Unidas, 19 jul (PL) El alto comisionado de Naciones Unidas para los Derechos Humanos, Zeid Ra\u00c2?ad Al Hussein, llam\u00f3 hoy a las autoridades turcas responder al reciente intento de golpe de Estado sin cometer atropellos ni violar las leyes internacionales.<\/span><\/p>\n<p><span class=\"text1noticias\"> <\/span><\/p>\n<p><span class=\"text1noticias\">\u00abInsto al gobierno de Turqu\u00eda a responder manteniendo en alto el respeto al estado de derecho, la protecci\u00f3n de los derechos humanos y el fortalecimiento de las instituciones democr\u00e1ticas\u00bb, dijo el diplom\u00e1tico en una declaraci\u00f3n desde su oficina en Ginebra.<\/span><\/p>\n<p><span class=\"text1noticias\"> <\/span><\/p>\n<p><span class=\"text1noticias\">Zeid, lament\u00f3 la p\u00e9rdida de decenas de vidas durante la fracasada intentona del fin de semana, a la cual sigui\u00f3 el arresto de cientos de militares y civiles acusados de protagonizarla.<\/span><\/p>\n<p><span class=\"text1noticias\"> <\/span><\/p>\n<p><span class=\"text1noticias\">Asimismo, destac\u00f3 la movilizaci\u00f3n del pueblo turco, \u00abque tom\u00f3 las calles para defender a su pa\u00eds y contra aquellos que pretend\u00edan ignorar la democracia\u00bb.<\/span><\/p>\n<p><span class=\"text1noticias\"> <\/span><\/p>\n<p><span class=\"text1noticias\">De acuerdo con el Alto Comisionado, los responsables de la violencia deben rendir cuentas ante la justicia, bajo un pleno respeto a los est\u00e1ndares del debido proceso.<\/span><\/p>\n<p><span class=\"text1noticias\"> <\/span><\/p>\n<p><span class=\"text1noticias\">Tras la traum\u00e1tica experiencia, resultan clave las garant\u00edas de los derechos humanos y que estos no sean minimizados en nombre de la seguridad y del castigo a los presuntamente involucrados, insisti\u00f3.<\/span><\/p>\n<p><span class=\"text1noticias\"> <\/span><\/p>\n<p><span class=\"text1noticias\">Las declaraciones de Zeid se producen en un contexto marcado por las advertencias del presidente turco, Recep Tayyip Erdogan, de que actuar\u00e1 con mano dura contra los culpables, sin descartar la reintroducci\u00f3n de la pena de muerte.<\/span><\/p>\n<p><span class=\"text1noticias\"> <\/span><\/p>\n<p><span class=\"text1noticias\">En ese sentido, el funcionario de la ONU record\u00f3 que Turqu\u00eda aboli\u00f3 el castigo capital en 2004, aunque en realidad lleva 32 a\u00f1os sin aplicarlo.<\/span><\/p>\n<p><span class=\"text1noticias\"> <\/span><\/p>\n<p><span class=\"text1noticias\">\u00abReintroducirlo podr\u00eda violar las obligaciones bajo las leyes internacionales, un fuerte paso en la direcci\u00f3n equivocada. Urjo al Gobierno a abstenerse de atrasar el reloj en materia de derechos humanos\u00bb, <\/span>subray\u00f3.<\/p>\n<\/p>\n<p>El Alto Comisionado tambi\u00e9n expres\u00f3 preocupaci\u00f3n por la suspensi\u00f3n de una larga lista de jueces y fiscales, adem\u00e1s de las \u00f3rdenes de detenci\u00f3n circuladas contra otros<\/p>\n<h6> 2016-07-19 09:44:06 <\/h6>\n<p><!--\n<link rel=\"stylesheet\" href=\"css\/bootstrap.min.css\">\n\n\n<ul class=\"pagination\">\n\t    \n\t\n\n<li >\n\t<a href='?page_no=18967'>Previous<\/a>\n\t<\/li>\n\n\n       \n    \n\n<li><a href='?page_no=1'>1<\/a><\/li>\n\n\n\n<li><a href='?page_no=2'>2<\/a><\/li>\n\n\n\n<li><a>...<\/a><\/li>\n\n\n\n<li><a href='?page_no=18966'>18966<\/a><\/li>\n\n\n\n<li><a href='?page_no=18967'>18967<\/a><\/li>\n\n\n\n<li class='active'><a>18968<\/a><\/li>\n\n\n\n<li><a href='?page_no=18969'>18969<\/a><\/li>\n\n\n\n<li><a href='?page_no=18970'>18970<\/a><\/li>\n\n\n\n<li><a>...<\/a><\/li>\n\n\n\n<li><a href='?page_no=51012'>51012<\/a><\/li>\n\n\n\n<li><a href='?page_no=51013'>51013<\/a><\/li>\n\n    \n\t\n\n<li >\n\t<a href='?page_no=18969'>Next<\/a>\n\t<\/li>\n\n\n    \n\n<li><a href='?page_no=51013'>Last &rsaquo;&rsaquo;<\/a><\/li>\n\n<\/ul>\n\n\n--><br \/>\n<\/body><\/p>\n","protected":false},"excerpt":{"rendered":"<p>Naciones Unidas, 19 jul (PL) El alto comisionado de Naciones Unidas para los Derechos Humanos, Zeid Ra\u00c2?ad Al Hussein, llam\u00f3 hoy a las autoridades turcas responder al reciente intento de golpe de Estado sin cometer atropellos ni violar las leyes internacionales. \u00abInsto al gobierno de Turqu\u00eda a responder manteniendo en alto el respeto al estado [&hellip;]<\/p>\n","protected":false},"author":3,"featured_media":0,"comment_status":"open","ping_status":"open","sticky":false,"template":"","format":"standard","meta":{"footnotes":""},"categories":[23],"tags":[],"class_list":["post-249323","post","type-post","status-publish","format-standard","hentry","category-internacional"],"_links":{"self":[{"href":"https:\/\/diariodominicano.com\/index.php?rest_route=\/wp\/v2\/posts\/249323","targetHints":{"allow":["GET"]}}],"collection":[{"href":"https:\/\/diariodominicano.com\/index.php?rest_route=\/wp\/v2\/posts"}],"about":[{"href":"https:\/\/diariodominicano.com\/index.php?rest_route=\/wp\/v2\/types\/post"}],"author":[{"embeddable":true,"href":"https:\/\/diariodominicano.com\/index.php?rest_route=\/wp\/v2\/users\/3"}],"replies":[{"embeddable":true,"href":"https:\/\/diariodominicano.com\/index.php?rest_route=%2Fwp%2Fv2%2Fcomments&post=249323"}],"version-history":[{"count":0,"href":"https:\/\/diariodominicano.com\/index.php?rest_route=\/wp\/v2\/posts\/249323\/revisions"}],"wp:attachment":[{"href":"https:\/\/diariodominicano.com\/index.php?rest_route=%2Fwp%2Fv2%2Fmedia&parent=249323"}],"wp:term":[{"taxonomy":"category","embeddable":true,"href":"https:\/\/diariodominicano.com\/index.php?rest_route=%2Fwp%2Fv2%2Fcategories&post=249323"},{"taxonomy":"post_tag","embeddable":true,"href":"https:\/\/diariodominicano.com\/index.php?rest_route=%2Fwp%2Fv2%2Ftags&post=249323"}],"curies":[{"name":"wp","href":"https:\/\/api.w.org\/{rel}","templated":true}]}}