{"id":249322,"date":"2016-07-19T09:49:28","date_gmt":"2016-07-19T09:49:28","guid":{"rendered":"http:\/\/diariodominicano.ddns.net\/?p=249322"},"modified":"2016-07-19T09:49:28","modified_gmt":"2016-07-19T09:49:28","slug":"colombia-y-venezuela-acuerdan-no-volver-a-habilitar-el-paso-fronterizo","status":"publish","type":"post","link":"https:\/\/diariodominicano.com\/?p=249322","title":{"rendered":"Colombia y Venezuela acuerdan no volver a habilitar el paso fronterizo"},"content":{"rendered":"<p><body><\/p>\n<p><img decoding=\"async\" src=\"img3\/Damasco19-7.jpg\" \/>  <\/p>\n<p><span class=\"text1noticias\"> BOGOTA, 19 jul (Xinhua) &#8212; La ministra colombiana de Relaciones Exteriores, Mar\u00eda Angela Holgu\u00edn, asegur\u00f3 hoy que no se abrir\u00e1 la frontera con Venezuela los pr\u00f3ximos 23 y 24 de julio, como ocurri\u00f3 en las dos semanas anteriores, para que ciudadanos venezolanos ingresen a la ciudad fronteriza de C\u00facuta (noreste), donde compraron alimentos, medicinas y elementos de aseo.<\/span><\/p>\n<p><span class=\"text1noticias\"> <\/span><\/p>\n<p><span class=\"text1noticias\">     \u00abHemos tomado la decisi\u00f3n: Que no se va a repetir una jornada adicional como las que han pasado en estos \u00faltimos dos fines de semana. Vamos a trabajar para que la pr\u00f3xima apertura sea definitiva. El pr\u00f3ximo fin de semana no habr\u00e1 paso\u00bb, sostuvo la funcionaria tras visitar C\u00facuta donde unas 120.000 personas del vecino pa\u00eds ingresaron a Colombia.<\/span><\/p>\n<p><span class=\"text1noticias\"> <\/span><\/p>\n<p><span class=\"text1noticias\">     En agosto del a\u00f1o pasado, el presidente venezolano, Nicol\u00e1s Maduro, cerr\u00f3 la frontera con Colombia tras considerar que paramilitares colombianos estaban ingresando a su territorio y que \u00abbachaqueros\u00bb -revendedores de alimentos b\u00e1sicos- estaban acaparando el mercado local de su pa\u00eds.<\/span><\/p>\n<p><span class=\"text1noticias\"> <\/span><\/p>\n<p><span class=\"text1noticias\">     Esa situaci\u00f3n gener\u00f3 una crisis diplom\u00e1tica entre las dos naciones, que fue superada con una reuni\u00f3n de sus presidentes en Quito, Ecuador.<\/span><\/p>\n<p><span class=\"text1noticias\"> <\/span><\/p>\n<p><span class=\"text1noticias\">     Seg\u00fan las autoridades colombianas, los comerciantes de la ciudad de C\u00facuta vendieron el domingo unos 4.000 millones de pesos (cerca de 1,3 millones de d\u00f3lares estadounidenses) a ciudadanos del vecino pa\u00eds, que ingresaron para comprar alimentos, medicinas y elementos de aseo.<\/span><\/p>\n<h6> 2016-07-19 09:49:28 <\/h6>\n<p><!--\n<link rel=\"stylesheet\" href=\"css\/bootstrap.min.css\">\n\n\n<ul class=\"pagination\">\n\t    \n\t\n\n<li >\n\t<a href='?page_no=18966'>Previous<\/a>\n\t<\/li>\n\n\n       \n    \n\n<li><a href='?page_no=1'>1<\/a><\/li>\n\n\n\n<li><a href='?page_no=2'>2<\/a><\/li>\n\n\n\n<li><a>...<\/a><\/li>\n\n\n\n<li><a href='?page_no=18965'>18965<\/a><\/li>\n\n\n\n<li><a href='?page_no=18966'>18966<\/a><\/li>\n\n\n\n<li class='active'><a>18967<\/a><\/li>\n\n\n\n<li><a href='?page_no=18968'>18968<\/a><\/li>\n\n\n\n<li><a href='?page_no=18969'>18969<\/a><\/li>\n\n\n\n<li><a>...<\/a><\/li>\n\n\n\n<li><a href='?page_no=51012'>51012<\/a><\/li>\n\n\n\n<li><a href='?page_no=51013'>51013<\/a><\/li>\n\n    \n\t\n\n<li >\n\t<a href='?page_no=18968'>Next<\/a>\n\t<\/li>\n\n\n    \n\n<li><a href='?page_no=51013'>Last &rsaquo;&rsaquo;<\/a><\/li>\n\n<\/ul>\n\n\n--><br \/>\n<\/body><\/p>\n","protected":false},"excerpt":{"rendered":"<p>BOGOTA, 19 jul (Xinhua) &#8212; La ministra colombiana de Relaciones Exteriores, Mar\u00eda Angela Holgu\u00edn, asegur\u00f3 hoy que no se abrir\u00e1 la frontera con Venezuela los pr\u00f3ximos 23 y 24 de julio, como ocurri\u00f3 en las dos semanas anteriores, para que ciudadanos venezolanos ingresen a la ciudad fronteriza de C\u00facuta (noreste), donde compraron alimentos, medicinas y [&hellip;]<\/p>\n","protected":false},"author":3,"featured_media":0,"comment_status":"open","ping_status":"open","sticky":false,"template":"","format":"standard","meta":{"footnotes":""},"categories":[23],"tags":[],"class_list":["post-249322","post","type-post","status-publish","format-standard","hentry","category-internacional"],"_links":{"self":[{"href":"https:\/\/diariodominicano.com\/index.php?rest_route=\/wp\/v2\/posts\/249322","targetHints":{"allow":["GET"]}}],"collection":[{"href":"https:\/\/diariodominicano.com\/index.php?rest_route=\/wp\/v2\/posts"}],"about":[{"href":"https:\/\/diariodominicano.com\/index.php?rest_route=\/wp\/v2\/types\/post"}],"author":[{"embeddable":true,"href":"https:\/\/diariodominicano.com\/index.php?rest_route=\/wp\/v2\/users\/3"}],"replies":[{"embeddable":true,"href":"https:\/\/diariodominicano.com\/index.php?rest_route=%2Fwp%2Fv2%2Fcomments&post=249322"}],"version-history":[{"count":0,"href":"https:\/\/diariodominicano.com\/index.php?rest_route=\/wp\/v2\/posts\/249322\/revisions"}],"wp:attachment":[{"href":"https:\/\/diariodominicano.com\/index.php?rest_route=%2Fwp%2Fv2%2Fmedia&parent=249322"}],"wp:term":[{"taxonomy":"category","embeddable":true,"href":"https:\/\/diariodominicano.com\/index.php?rest_route=%2Fwp%2Fv2%2Fcategories&post=249322"},{"taxonomy":"post_tag","embeddable":true,"href":"https:\/\/diariodominicano.com\/index.php?rest_route=%2Fwp%2Fv2%2Ftags&post=249322"}],"curies":[{"name":"wp","href":"https:\/\/api.w.org\/{rel}","templated":true}]}}