{"id":249320,"date":"2016-07-19T10:26:19","date_gmt":"2016-07-19T10:26:19","guid":{"rendered":"http:\/\/diariodominicano.ddns.net\/?p=249320"},"modified":"2016-07-19T10:26:19","modified_gmt":"2016-07-19T10:26:19","slug":"mueren-10-comandos-paramilitares-indios-y-3-rebeldes-naxalitas-en-emboscada","status":"publish","type":"post","link":"https:\/\/diariodominicano.com\/?p=249320","title":{"rendered":"Mueren 10 comandos paramilitares indios y 3 rebeldes naxalitas en emboscada"},"content":{"rendered":"<p><body><\/p>\n<p><span class=\"text1noticias\">   NUEVA DELHI, 19 jul (Xinhua) &#8212; Al menos 10 comandos paramilitares murieron y otros cinco resultaron heridos en un ataque de los naxalistas en el estado oriental indio de Bihar en el que tambi\u00e9n murieron tres insurgentes, dijeron las autoridades el martes.<\/span><\/p>\n<p><span class=\"text1noticias\"> <\/span><\/p>\n<p><span class=\"text1noticias\">     Los naxalitas organizaron una emboscada contra los hombres de la Fuerza de Reserva de la Polic\u00eda Central de la India (CRPF) el lunes por la noche, desencadenando una serie de explosiones en un \u00e1rea boscosa que limita con los distritos de Gaya y Aurangabad, a unos 172 kil\u00f3metros al sur de la ciudad de Patna, capital de Bihar.<\/span><\/p>\n<p><span class=\"text1noticias\"> <\/span><\/p>\n<p><span class=\"text1noticias\">     \u00abOcho efectivos murieron en el acto y dos mientras eran evacuados del lugar\u00bb, dijo un oficial. \u00abOtros cinco que resultaron heridos en el ataque fueron hospitalizados\u00bb.<\/span><\/p>\n<p><span class=\"text1noticias\"> <\/span><\/p>\n<p><span class=\"text1noticias\">     Las autoridades han enviado refuerzos a la zona para buscar y capturar a los rebeldes.<\/span><\/p>\n<p><span class=\"text1noticias\"> <\/span><\/p>\n<p><span class=\"text1noticias\">     El ministro del Interior de la India, Rajnath Singh, garantiz\u00f3 el apoyo del Gobierno federal al estado y tambi\u00e9n pidi\u00f3 al jefe de la CRPF que visite el lugar y eval\u00fae la situaci\u00f3n.<\/span><\/p>\n<p><span class=\"text1noticias\"> <\/span><\/p>\n<p><span class=\"text1noticias\">     El ex primer ministro de la India Manmohan Singh describi\u00f3 en una ocasi\u00f3n el movimiento naxalita como \u00abel m\u00e1s grande desaf\u00edo contra la seguridad interna\u00bb de la India.<\/span><\/p>\n<p><span class=\"text1noticias\"> <\/span><\/p>\n<p><span class=\"text1noticias\">     La insurgencia se ha cobrado hasta el momento m\u00e1s de 6.000 vidas y ha dejado a miles de ciudadanos pobres sin <\/span>hogar.<\/p>\n<h6> 2016-07-19 10:26:19 <\/h6>\n<p><!--\n<link rel=\"stylesheet\" href=\"css\/bootstrap.min.css\">\n\n\n<ul class=\"pagination\">\n\t    \n\t\n\n<li >\n\t<a href='?page_no=18964'>Previous<\/a>\n\t<\/li>\n\n\n       \n    \n\n<li><a href='?page_no=1'>1<\/a><\/li>\n\n\n\n<li><a href='?page_no=2'>2<\/a><\/li>\n\n\n\n<li><a>...<\/a><\/li>\n\n\n\n<li><a href='?page_no=18963'>18963<\/a><\/li>\n\n\n\n<li><a href='?page_no=18964'>18964<\/a><\/li>\n\n\n\n<li class='active'><a>18965<\/a><\/li>\n\n\n\n<li><a href='?page_no=18966'>18966<\/a><\/li>\n\n\n\n<li><a href='?page_no=18967'>18967<\/a><\/li>\n\n\n\n<li><a>...<\/a><\/li>\n\n\n\n<li><a href='?page_no=51012'>51012<\/a><\/li>\n\n\n\n<li><a href='?page_no=51013'>51013<\/a><\/li>\n\n    \n\t\n\n<li >\n\t<a href='?page_no=18966'>Next<\/a>\n\t<\/li>\n\n\n    \n\n<li><a href='?page_no=51013'>Last &rsaquo;&rsaquo;<\/a><\/li>\n\n<\/ul>\n\n\n--><br \/>\n<\/body><\/p>\n","protected":false},"excerpt":{"rendered":"<p>NUEVA DELHI, 19 jul (Xinhua) &#8212; Al menos 10 comandos paramilitares murieron y otros cinco resultaron heridos en un ataque de los naxalistas en el estado oriental indio de Bihar en el que tambi\u00e9n murieron tres insurgentes, dijeron las autoridades el martes. Los naxalitas organizaron una emboscada contra los hombres de la Fuerza de Reserva [&hellip;]<\/p>\n","protected":false},"author":3,"featured_media":0,"comment_status":"open","ping_status":"open","sticky":false,"template":"","format":"standard","meta":{"footnotes":""},"categories":[23],"tags":[],"class_list":["post-249320","post","type-post","status-publish","format-standard","hentry","category-internacional"],"_links":{"self":[{"href":"https:\/\/diariodominicano.com\/index.php?rest_route=\/wp\/v2\/posts\/249320","targetHints":{"allow":["GET"]}}],"collection":[{"href":"https:\/\/diariodominicano.com\/index.php?rest_route=\/wp\/v2\/posts"}],"about":[{"href":"https:\/\/diariodominicano.com\/index.php?rest_route=\/wp\/v2\/types\/post"}],"author":[{"embeddable":true,"href":"https:\/\/diariodominicano.com\/index.php?rest_route=\/wp\/v2\/users\/3"}],"replies":[{"embeddable":true,"href":"https:\/\/diariodominicano.com\/index.php?rest_route=%2Fwp%2Fv2%2Fcomments&post=249320"}],"version-history":[{"count":0,"href":"https:\/\/diariodominicano.com\/index.php?rest_route=\/wp\/v2\/posts\/249320\/revisions"}],"wp:attachment":[{"href":"https:\/\/diariodominicano.com\/index.php?rest_route=%2Fwp%2Fv2%2Fmedia&parent=249320"}],"wp:term":[{"taxonomy":"category","embeddable":true,"href":"https:\/\/diariodominicano.com\/index.php?rest_route=%2Fwp%2Fv2%2Fcategories&post=249320"},{"taxonomy":"post_tag","embeddable":true,"href":"https:\/\/diariodominicano.com\/index.php?rest_route=%2Fwp%2Fv2%2Ftags&post=249320"}],"curies":[{"name":"wp","href":"https:\/\/api.w.org\/{rel}","templated":true}]}}