{"id":249318,"date":"2016-07-19T14:21:03","date_gmt":"2016-07-19T14:21:03","guid":{"rendered":"http:\/\/diariodominicano.ddns.net\/?p=249318"},"modified":"2016-07-19T14:21:03","modified_gmt":"2016-07-19T14:21:03","slug":"gobierno-frances-ratifica-intencion-de-prolongar-estado-de-emergencia","status":"publish","type":"post","link":"https:\/\/diariodominicano.com\/?p=249318","title":{"rendered":"&#13;Gobierno franc\u00e9s ratifica intenci\u00f3n de prolongar estado de emergencia"},"content":{"rendered":"<p><body><\/p>\n<p><img decoding=\"async\" src=\"img3\/francia-policia2.jpg\" \/>  <\/p>\n<\/p>\n<p><span class=\"text1noticias\">  <\/span><\/p>\n<p><span class=\"text1noticias\">Par\u00eds, 19 jul (PL) El gobierno de Francia ratific\u00f3 hoy su intenci\u00f3n de prolongar el estado de emergencia en el pa\u00eds como reacci\u00f3n ante el reciente atentado en Niza, un asunto que deber\u00e1 decidir la Asamblea Nacional.<\/span><\/p>\n<\/p>\n<p><span class=\"text1noticias\">En el Consejo de Ministros celebrado esta ma\u00f1ana, el primer ministro, Manuel Valls, y el titular de Interior, Bernard Cazeneuve, presentaron el proyecto de ley que busca prorrogar ese r\u00e9gimen excepcional por tres meses m\u00e1s.<\/span><\/p>\n<\/p>\n<p><span class=\"text1noticias\">De acuerdo con un comunicado, la prolongaci\u00f3n es una de las respuestas de las autoridades frente al terrorismo, y se inscribe en una estrategia global de lucha contra esa amenaza.<\/span><\/p>\n<\/p>\n<p><span class=\"text1noticias\">El texto indic\u00f3 que el estado de emergencia ha mostrado su eficacia pues permite recurrir a medidas para desestabilizar a los individuos implicados en movimientos extremistas y en redes criminales.<\/span><\/p>\n<\/p>\n<p><span class=\"text1noticias\">Ese r\u00e9gimen posibilita a los agentes policiales acceder a los datos de los sistemas inform\u00e1ticos, lo cual es criticado por una parte de la sociedad civil que lo considera un riesgo para la democracia y las libertades individuales.<\/span><\/p>\n<\/p>\n<p><span class=\"text1noticias\">Fuentes gubernamentales y legislativas citadas en la prensa local indican que el proyecto de ley recibir\u00e1 seguramente el aval del Parlamento, mientras las dudas recaen en la duraci\u00f3n pues algunos pol\u00edticos -principalmente de la derecha- abogan por prorrogar la emergencia seis meses, y no los tres pedidos por el Ejecutivo.<\/span><\/p>\n<\/p>\n<p><span class=\"text1noticias\">Por otro lado, el comunicado aclar\u00f3 que el gobierno podr\u00e1 poner fin al estado de emergencia en el momento en que lo considere pertinente, mediante decreto del Consejo de Ministros.<\/span><\/p>\n<\/p>\n<p><span class=\"text1noticias\">El estado de emergencia est\u00e1 vigente en Francia desde el 14 de noviembre de 2015, un d\u00eda despu\u00e9s de los atentados en Par\u00eds que provocaron la muerte de 130 personas, y luego de tres pr\u00f3rrogas deb\u00eda terminar el 26 de julio.<\/span><\/p>\n<\/p>\n<h6> 2016-07-19 14:21:03 <\/h6>\n<p><!--\n<link rel=\"stylesheet\" href=\"css\/bootstrap.min.css\">\n\n\n<ul class=\"pagination\">\n\t    \n\t\n\n<li >\n\t<a href='?page_no=18962'>Previous<\/a>\n\t<\/li>\n\n\n       \n    \n\n<li><a href='?page_no=1'>1<\/a><\/li>\n\n\n\n<li><a href='?page_no=2'>2<\/a><\/li>\n\n\n\n<li><a>...<\/a><\/li>\n\n\n\n<li><a href='?page_no=18961'>18961<\/a><\/li>\n\n\n\n<li><a href='?page_no=18962'>18962<\/a><\/li>\n\n\n\n<li class='active'><a>18963<\/a><\/li>\n\n\n\n<li><a href='?page_no=18964'>18964<\/a><\/li>\n\n\n\n<li><a href='?page_no=18965'>18965<\/a><\/li>\n\n\n\n<li><a>...<\/a><\/li>\n\n\n\n<li><a href='?page_no=51012'>51012<\/a><\/li>\n\n\n\n<li><a href='?page_no=51013'>51013<\/a><\/li>\n\n    \n\t\n\n<li >\n\t<a href='?page_no=18964'>Next<\/a>\n\t<\/li>\n\n\n    \n\n<li><a href='?page_no=51013'>Last &rsaquo;&rsaquo;<\/a><\/li>\n\n<\/ul>\n\n\n--><br \/>\n<\/body><\/p>\n","protected":false},"excerpt":{"rendered":"<p>Par\u00eds, 19 jul (PL) El gobierno de Francia ratific\u00f3 hoy su intenci\u00f3n de prolongar el estado de emergencia en el pa\u00eds como reacci\u00f3n ante el reciente atentado en Niza, un asunto que deber\u00e1 decidir la Asamblea Nacional. En el Consejo de Ministros celebrado esta ma\u00f1ana, el primer ministro, Manuel Valls, y el titular de Interior, [&hellip;]<\/p>\n","protected":false},"author":3,"featured_media":0,"comment_status":"open","ping_status":"open","sticky":false,"template":"","format":"standard","meta":{"footnotes":""},"categories":[23],"tags":[],"class_list":["post-249318","post","type-post","status-publish","format-standard","hentry","category-internacional"],"_links":{"self":[{"href":"https:\/\/diariodominicano.com\/index.php?rest_route=\/wp\/v2\/posts\/249318","targetHints":{"allow":["GET"]}}],"collection":[{"href":"https:\/\/diariodominicano.com\/index.php?rest_route=\/wp\/v2\/posts"}],"about":[{"href":"https:\/\/diariodominicano.com\/index.php?rest_route=\/wp\/v2\/types\/post"}],"author":[{"embeddable":true,"href":"https:\/\/diariodominicano.com\/index.php?rest_route=\/wp\/v2\/users\/3"}],"replies":[{"embeddable":true,"href":"https:\/\/diariodominicano.com\/index.php?rest_route=%2Fwp%2Fv2%2Fcomments&post=249318"}],"version-history":[{"count":0,"href":"https:\/\/diariodominicano.com\/index.php?rest_route=\/wp\/v2\/posts\/249318\/revisions"}],"wp:attachment":[{"href":"https:\/\/diariodominicano.com\/index.php?rest_route=%2Fwp%2Fv2%2Fmedia&parent=249318"}],"wp:term":[{"taxonomy":"category","embeddable":true,"href":"https:\/\/diariodominicano.com\/index.php?rest_route=%2Fwp%2Fv2%2Fcategories&post=249318"},{"taxonomy":"post_tag","embeddable":true,"href":"https:\/\/diariodominicano.com\/index.php?rest_route=%2Fwp%2Fv2%2Ftags&post=249318"}],"curies":[{"name":"wp","href":"https:\/\/api.w.org\/{rel}","templated":true}]}}