{"id":249317,"date":"2016-07-19T14:29:42","date_gmt":"2016-07-19T14:29:42","guid":{"rendered":"http:\/\/diariodominicano.ddns.net\/?p=249317"},"modified":"2016-07-19T14:29:42","modified_gmt":"2016-07-19T14:29:42","slug":"obama-intenta-calmar-violencia-entre-policia-y-comunidades","status":"publish","type":"post","link":"https:\/\/diariodominicano.com\/?p=249317","title":{"rendered":"&#13;Obama intenta calmar violencia entre polic\u00eda y comunidades"},"content":{"rendered":"<p><body><\/p>\n<p><img decoding=\"async\" src=\"img3\/barack-obama.jpg\" \/>  <\/p>\n<p><span class=\"text1noticias\">\t <\/span><\/p>\n<p><span class=\"text1noticias\">  <\/span><\/p>\n<p><span class=\"text1noticias\">Washington, 19 jul (PL) El presidente Barack Obama intent\u00f3 hoy calmar la violencia que utilizan algunos para dividir a los polic\u00edas y a las comunidades, seg\u00fan una carta publicada en Facebook en la cual aborda el rebrote de violencia interracial en Estados Unidos.<\/span><\/p>\n<\/p>\n<p><span class=\"text1noticias\">El mandatario manifest\u00f3 su oposici\u00f3n a esas tentativas, seg\u00fan dijo, \u00abporque no reflejan la realidad de nuestra naci\u00f3n\u00bb.<\/span><\/p>\n<\/p>\n<p><span class=\"text1noticias\">Pese al ambiente imperante en el pa\u00eds, matizado por enfrentamientos y asesinatos de afrodescendientes y polic\u00edas, el presidente manifest\u00f3 su apoyo a los uniformados y reconoci\u00f3 el peligro al que se hallan expuestos.<\/span><\/p>\n<\/p>\n<p><span class=\"text1noticias\">En su misiva, Obama rechaz\u00f3 la idea de que el pa\u00eds volvi\u00f3 a los tiempos de las revueltas sociales de los a\u00f1os 60 del siglo pasado.<\/span><\/p>\n<\/p>\n<p><span class=\"text1noticias\">Sin embargo, un sondeo de Monmouth University reflej\u00f3 que en Estados Unidos empeoran las relaciones raciales y casi nueve de cada 10 votantes estadounidenses ahora ven la discriminaci\u00f3n racial como un problema.<\/span><\/p>\n<\/p>\n<p><span class=\"text1noticias\">Ejecutada despu\u00e9s de los disparos fatales de la polic\u00eda contra hombres negros en Louisiana y Minnesota y la muerte de cinco uniformados en Dallas, la pesquisa mostr\u00f3 que el 87 por ciento de los votantes a nivel nacional consideran que la discriminaci\u00f3n racial y \u00e9tnica es un problema en Estados Unidos y m\u00e1s del 68 por ciento lo consideran un gran problema.<\/span><\/p>\n<\/p>\n<p><span class=\"text1noticias\">En enero de 2015, el 81 por ciento consider\u00f3 la discriminaci\u00f3n racial y \u00e9tnica como un problema, pero s\u00f3lo el 51 por ciento dijo que era un gran problema.<\/span><\/p>\n<\/p>\n<p><span class=\"text1noticias\">Mientras tanto en comunidades como Baton Rouge (Louisiana), la comunidad negra siente que aun impera la discriminaci\u00f3n aunque los blancos estiman que eso es un mal superado pese que la ciudad est\u00e1 dividida entre el sur blanco y el norte negro.<\/span><\/p>\n<\/p>\n<p><span class=\"text1noticias\">Testimonios confirman que en el sur hay calles limpias, parques y jardines cuidados, edificios modernos y hospitales lujosos, mientras que en el norte los barrios negros muestran condiciones de pobreza.<\/span><\/p>\n<\/p>\n<p><span class=\"text1noticias\">A esto se une la gran diferencia existente entre negros y blancos, y por ejemplo, el \u00edndice de desempleo en ese estado del sur es el doble para los negros que para los blancos (10 por ciento contra 5,2 por ciento en 2015), seg\u00fan The Economic Policy Institute, algo que sucede en casi todos los estados del pa\u00eds.<\/span><\/p>\n<h6> 2016-07-19 14:29:42 <\/h6>\n<p><!--\n<link rel=\"stylesheet\" href=\"css\/bootstrap.min.css\">\n\n\n<ul class=\"pagination\">\n\t    \n\t\n\n<li >\n\t<a href='?page_no=18961'>Previous<\/a>\n\t<\/li>\n\n\n       \n    \n\n<li><a href='?page_no=1'>1<\/a><\/li>\n\n\n\n<li><a href='?page_no=2'>2<\/a><\/li>\n\n\n\n<li><a>...<\/a><\/li>\n\n\n\n<li><a href='?page_no=18960'>18960<\/a><\/li>\n\n\n\n<li><a href='?page_no=18961'>18961<\/a><\/li>\n\n\n\n<li class='active'><a>18962<\/a><\/li>\n\n\n\n<li><a href='?page_no=18963'>18963<\/a><\/li>\n\n\n\n<li><a href='?page_no=18964'>18964<\/a><\/li>\n\n\n\n<li><a>...<\/a><\/li>\n\n\n\n<li><a href='?page_no=51012'>51012<\/a><\/li>\n\n\n\n<li><a href='?page_no=51013'>51013<\/a><\/li>\n\n    \n\t\n\n<li >\n\t<a href='?page_no=18963'>Next<\/a>\n\t<\/li>\n\n\n    \n\n<li><a href='?page_no=51013'>Last &rsaquo;&rsaquo;<\/a><\/li>\n\n<\/ul>\n\n\n--><br \/>\n<\/body><\/p>\n","protected":false},"excerpt":{"rendered":"<p>Washington, 19 jul (PL) El presidente Barack Obama intent\u00f3 hoy calmar la violencia que utilizan algunos para dividir a los polic\u00edas y a las comunidades, seg\u00fan una carta publicada en Facebook en la cual aborda el rebrote de violencia interracial en Estados Unidos. El mandatario manifest\u00f3 su oposici\u00f3n a esas tentativas, seg\u00fan dijo, \u00abporque no [&hellip;]<\/p>\n","protected":false},"author":3,"featured_media":0,"comment_status":"open","ping_status":"open","sticky":false,"template":"","format":"standard","meta":{"footnotes":""},"categories":[23],"tags":[],"class_list":["post-249317","post","type-post","status-publish","format-standard","hentry","category-internacional"],"_links":{"self":[{"href":"https:\/\/diariodominicano.com\/index.php?rest_route=\/wp\/v2\/posts\/249317","targetHints":{"allow":["GET"]}}],"collection":[{"href":"https:\/\/diariodominicano.com\/index.php?rest_route=\/wp\/v2\/posts"}],"about":[{"href":"https:\/\/diariodominicano.com\/index.php?rest_route=\/wp\/v2\/types\/post"}],"author":[{"embeddable":true,"href":"https:\/\/diariodominicano.com\/index.php?rest_route=\/wp\/v2\/users\/3"}],"replies":[{"embeddable":true,"href":"https:\/\/diariodominicano.com\/index.php?rest_route=%2Fwp%2Fv2%2Fcomments&post=249317"}],"version-history":[{"count":0,"href":"https:\/\/diariodominicano.com\/index.php?rest_route=\/wp\/v2\/posts\/249317\/revisions"}],"wp:attachment":[{"href":"https:\/\/diariodominicano.com\/index.php?rest_route=%2Fwp%2Fv2%2Fmedia&parent=249317"}],"wp:term":[{"taxonomy":"category","embeddable":true,"href":"https:\/\/diariodominicano.com\/index.php?rest_route=%2Fwp%2Fv2%2Fcategories&post=249317"},{"taxonomy":"post_tag","embeddable":true,"href":"https:\/\/diariodominicano.com\/index.php?rest_route=%2Fwp%2Fv2%2Ftags&post=249317"}],"curies":[{"name":"wp","href":"https:\/\/api.w.org\/{rel}","templated":true}]}}