{"id":249313,"date":"2016-07-20T08:08:47","date_gmt":"2016-07-20T08:08:47","guid":{"rendered":"http:\/\/diariodominicano.ddns.net\/?p=249313"},"modified":"2016-07-20T08:08:47","modified_gmt":"2016-07-20T08:08:47","slug":"reino-unido-no-asumira-presidencia-de-la-ue-dice-primera-ministra-may","status":"publish","type":"post","link":"https:\/\/diariodominicano.com\/?p=249313","title":{"rendered":"Reino Unido no asumir\u00e1 presidencia de la UE, dice primera ministra May"},"content":{"rendered":"<p><body><\/p>\n<p><img decoding=\"async\" src=\"img3\/Inglaterra20-7.jpg\" \/>  <\/p>\n<p><span class=\"text1noticias\"> LONDRES, 20 jul (Xinhua) &#8212; La primera ministra brit\u00e1nica, Theresa May, dijo al presidente del Consejo Europeo, Donald Tusk, que Reino Unido no asumir\u00e1 la presidencia del bloque el pr\u00f3ximo a\u00f1o, confirm\u00f3 este mi\u00e9rcoles Downing Street.<\/span><\/p>\n<p><span class=\"text1noticias\"> <\/span><\/p>\n<p><span class=\"text1noticias\">     Reino Unido ten\u00eda programado ocupar el puesto en la segunda mitad de 2017, pero May decidi\u00f3 que deber\u00e1 abstenerse de hacerlo tras la victoria de la votaci\u00f3n en el referendo para la salida del pa\u00eds de la Uni\u00f3n Europea (UE).<\/span><\/p>\n<p><span class=\"text1noticias\"> <\/span><\/p>\n<p><span class=\"text1noticias\">     May transmiti\u00f3 su decisi\u00f3n a Tusk el martes durante una llamada telef\u00f3nica, confirm\u00f3 este mi\u00e9rcoles Downing Street.<\/span><\/p>\n<p><span class=\"text1noticias\"> <\/span><\/p>\n<p><span class=\"text1noticias\">     La presidencia rota entre los 28 Estados miembros en una base de seis meses, dando a cada uno la oportunidad de formar la agenda.<\/span><\/p>\n<p><span class=\"text1noticias\"> <\/span><\/p>\n<p><span class=\"text1noticias\">     Un portavoz de Downing Street se\u00f1al\u00f3 que May dijo a Tusk que la decisi\u00f3n de rechazar la presidencia era \u00ablo correcto dado que estaremos muy ocupados con las negociaciones sobre la salida de la <\/span>UE\u00bb.<\/p>\n<h6> 2016-07-20 08:08:47 <\/h6>\n<p><!--\n<link rel=\"stylesheet\" href=\"css\/bootstrap.min.css\">\n\n\n<ul class=\"pagination\">\n\t    \n\t\n\n<li >\n\t<a href='?page_no=18957'>Previous<\/a>\n\t<\/li>\n\n\n       \n    \n\n<li><a href='?page_no=1'>1<\/a><\/li>\n\n\n\n<li><a href='?page_no=2'>2<\/a><\/li>\n\n\n\n<li><a>...<\/a><\/li>\n\n\n\n<li><a href='?page_no=18956'>18956<\/a><\/li>\n\n\n\n<li><a href='?page_no=18957'>18957<\/a><\/li>\n\n\n\n<li class='active'><a>18958<\/a><\/li>\n\n\n\n<li><a href='?page_no=18959'>18959<\/a><\/li>\n\n\n\n<li><a href='?page_no=18960'>18960<\/a><\/li>\n\n\n\n<li><a>...<\/a><\/li>\n\n\n\n<li><a href='?page_no=51012'>51012<\/a><\/li>\n\n\n\n<li><a href='?page_no=51013'>51013<\/a><\/li>\n\n    \n\t\n\n<li >\n\t<a href='?page_no=18959'>Next<\/a>\n\t<\/li>\n\n\n    \n\n<li><a href='?page_no=51013'>Last &rsaquo;&rsaquo;<\/a><\/li>\n\n<\/ul>\n\n\n--><br \/>\n<\/body><\/p>\n","protected":false},"excerpt":{"rendered":"<p>LONDRES, 20 jul (Xinhua) &#8212; La primera ministra brit\u00e1nica, Theresa May, dijo al presidente del Consejo Europeo, Donald Tusk, que Reino Unido no asumir\u00e1 la presidencia del bloque el pr\u00f3ximo a\u00f1o, confirm\u00f3 este mi\u00e9rcoles Downing Street. Reino Unido ten\u00eda programado ocupar el puesto en la segunda mitad de 2017, pero May decidi\u00f3 que deber\u00e1 abstenerse [&hellip;]<\/p>\n","protected":false},"author":3,"featured_media":0,"comment_status":"open","ping_status":"open","sticky":false,"template":"","format":"standard","meta":{"footnotes":""},"categories":[23],"tags":[],"class_list":["post-249313","post","type-post","status-publish","format-standard","hentry","category-internacional"],"_links":{"self":[{"href":"https:\/\/diariodominicano.com\/index.php?rest_route=\/wp\/v2\/posts\/249313","targetHints":{"allow":["GET"]}}],"collection":[{"href":"https:\/\/diariodominicano.com\/index.php?rest_route=\/wp\/v2\/posts"}],"about":[{"href":"https:\/\/diariodominicano.com\/index.php?rest_route=\/wp\/v2\/types\/post"}],"author":[{"embeddable":true,"href":"https:\/\/diariodominicano.com\/index.php?rest_route=\/wp\/v2\/users\/3"}],"replies":[{"embeddable":true,"href":"https:\/\/diariodominicano.com\/index.php?rest_route=%2Fwp%2Fv2%2Fcomments&post=249313"}],"version-history":[{"count":0,"href":"https:\/\/diariodominicano.com\/index.php?rest_route=\/wp\/v2\/posts\/249313\/revisions"}],"wp:attachment":[{"href":"https:\/\/diariodominicano.com\/index.php?rest_route=%2Fwp%2Fv2%2Fmedia&parent=249313"}],"wp:term":[{"taxonomy":"category","embeddable":true,"href":"https:\/\/diariodominicano.com\/index.php?rest_route=%2Fwp%2Fv2%2Fcategories&post=249313"},{"taxonomy":"post_tag","embeddable":true,"href":"https:\/\/diariodominicano.com\/index.php?rest_route=%2Fwp%2Fv2%2Ftags&post=249313"}],"curies":[{"name":"wp","href":"https:\/\/api.w.org\/{rel}","templated":true}]}}