{"id":249309,"date":"2016-07-20T09:50:14","date_gmt":"2016-07-20T09:50:14","guid":{"rendered":"http:\/\/diariodominicano.ddns.net\/?p=249309"},"modified":"2016-07-20T09:50:14","modified_gmt":"2016-07-20T09:50:14","slug":"donald-trump-obtiene-nominacion-oficial-como-candidato-republicano","status":"publish","type":"post","link":"https:\/\/diariodominicano.com\/?p=249309","title":{"rendered":"Donald Trump obtiene nominaci\u00f3n oficial como candidato republicano"},"content":{"rendered":"<p><body><\/p>\n<p><img decoding=\"async\" src=\"img3\/Trum20-7.jpg\" \/>  <\/p>\n<p><span class=\"text1noticias\">CLEVELAND, Estados Unidos, 20 jul (Xinhua) &#8212; El multimillonario neoyorkino Donald Trump ha sido declarado oficialmente este martes como el candidato del Partido Republicano a la presidencia de Estados Unidos.<\/span><\/p>\n<p><span class=\"text1noticias\"> <\/span><\/p>\n<p><span class=\"text1noticias\">     El presidente de la C\u00e1mara de Representantes, Paul Ryan, anunci\u00f3 oficialmente la nominaci\u00f3n de Trump despu\u00e9s de una votaci\u00f3n estado por estado.<\/span><\/p>\n<p><span class=\"text1noticias\"> <\/span><\/p>\n<p><span class=\"text1noticias\">     \u00abLa presidencia anuncia que Donald J. Trump, habiendo recibido una mayor\u00eda de los votos autorizados en esta convenci\u00f3n, ha sido seleccionado como el candidato del Partido Republicano a la presidencia de Estados Unidos\u00bb, proclam\u00f3 Ryan.<\/span><\/p>\n<p><span class=\"text1noticias\"> <\/span><\/p>\n<p><span class=\"text1noticias\">     El magnate inmobiliario de Nueva York se asegur\u00f3 la nominaci\u00f3n despu\u00e9s de que los delegados del partido de los 50 estados del pa\u00eds, cinco territorios y Washington D.C. emitiesen sus votos.<\/span><\/p>\n<p><span class=\"text1noticias\"> <\/span><\/p>\n<p><span class=\"text1noticias\">     El hijo de Trump, Donald Trump Junior, anunci\u00f3 los votos de la delegaci\u00f3n de Nueva York, que le permitieron a su padre garantizarse los 1.237 votos que necesitaba para convertirse en el candidato republicano a la Casa Blanca.<\/span><\/p>\n<p><span class=\"text1noticias\"> <\/span><\/p>\n<p><span class=\"text1noticias\">     \u00abEs un honor poder situar a Donald Trump en lo alto del recuento de delegados esta noche\u00bb, afirm\u00f3 Trump Jr.<\/span><\/p>\n<p><span class=\"text1noticias\"> <\/span><\/p>\n<p><span class=\"text1noticias\">     Los republicanos tambi\u00e9n designaron al gobernador de Indiana, Mike Pence, como el compa\u00f1ero de cartel electoral de Trump y candidato a la vicepresidencia.<\/span><\/p>\n<p><span class=\"text1noticias\"> <\/span><\/p>\n<p><span class=\"text1noticias\">     La nominaci\u00f3n se produjo despu\u00e9s de una primera jornada de la Convenci\u00f3n Nacional Republicana un poco tumultuosa.<\/span><\/p>\n<p><span class=\"text1noticias\"> <\/span><\/p>\n<p><span class=\"text1noticias\">     El lunes, los contrario a Trump en el partido fueron incapaces de sacar adelante una votaci\u00f3n nominal para cambiar las normas del acto, lo que le permitir\u00eda a algunos de los delegados que hab\u00edan votado a Trump volver a emitir sus sufragios para otros candidatos.<\/span><\/p>\n<p><span class=\"text1noticias\"> <\/span><\/p>\n<p><span class=\"text1noticias\">     Adem\u00e1s, la esposa de Trump, Melania, fue acusada de plagiar un discurso pronunciado en 2008 por la primera dama, Michelle Obama, durante su intervenci\u00f3n en la noche d<\/span>el lunes.<\/p>\n<h6> 2016-07-20 09:50:14 <\/h6>\n<p><!--\n<link rel=\"stylesheet\" href=\"css\/bootstrap.min.css\">\n\n\n<ul class=\"pagination\">\n\t    \n\t\n\n<li >\n\t<a href='?page_no=18953'>Previous<\/a>\n\t<\/li>\n\n\n       \n    \n\n<li><a href='?page_no=1'>1<\/a><\/li>\n\n\n\n<li><a href='?page_no=2'>2<\/a><\/li>\n\n\n\n<li><a>...<\/a><\/li>\n\n\n\n<li><a href='?page_no=18952'>18952<\/a><\/li>\n\n\n\n<li><a href='?page_no=18953'>18953<\/a><\/li>\n\n\n\n<li class='active'><a>18954<\/a><\/li>\n\n\n\n<li><a href='?page_no=18955'>18955<\/a><\/li>\n\n\n\n<li><a href='?page_no=18956'>18956<\/a><\/li>\n\n\n\n<li><a>...<\/a><\/li>\n\n\n\n<li><a href='?page_no=51012'>51012<\/a><\/li>\n\n\n\n<li><a href='?page_no=51013'>51013<\/a><\/li>\n\n    \n\t\n\n<li >\n\t<a href='?page_no=18955'>Next<\/a>\n\t<\/li>\n\n\n    \n\n<li><a href='?page_no=51013'>Last &rsaquo;&rsaquo;<\/a><\/li>\n\n<\/ul>\n\n\n--><br \/>\n<\/body><\/p>\n","protected":false},"excerpt":{"rendered":"<p>CLEVELAND, Estados Unidos, 20 jul (Xinhua) &#8212; El multimillonario neoyorkino Donald Trump ha sido declarado oficialmente este martes como el candidato del Partido Republicano a la presidencia de Estados Unidos. El presidente de la C\u00e1mara de Representantes, Paul Ryan, anunci\u00f3 oficialmente la nominaci\u00f3n de Trump despu\u00e9s de una votaci\u00f3n estado por estado. \u00abLa presidencia anuncia [&hellip;]<\/p>\n","protected":false},"author":3,"featured_media":0,"comment_status":"open","ping_status":"open","sticky":false,"template":"","format":"standard","meta":{"footnotes":""},"categories":[23],"tags":[],"class_list":["post-249309","post","type-post","status-publish","format-standard","hentry","category-internacional"],"_links":{"self":[{"href":"https:\/\/diariodominicano.com\/index.php?rest_route=\/wp\/v2\/posts\/249309","targetHints":{"allow":["GET"]}}],"collection":[{"href":"https:\/\/diariodominicano.com\/index.php?rest_route=\/wp\/v2\/posts"}],"about":[{"href":"https:\/\/diariodominicano.com\/index.php?rest_route=\/wp\/v2\/types\/post"}],"author":[{"embeddable":true,"href":"https:\/\/diariodominicano.com\/index.php?rest_route=\/wp\/v2\/users\/3"}],"replies":[{"embeddable":true,"href":"https:\/\/diariodominicano.com\/index.php?rest_route=%2Fwp%2Fv2%2Fcomments&post=249309"}],"version-history":[{"count":0,"href":"https:\/\/diariodominicano.com\/index.php?rest_route=\/wp\/v2\/posts\/249309\/revisions"}],"wp:attachment":[{"href":"https:\/\/diariodominicano.com\/index.php?rest_route=%2Fwp%2Fv2%2Fmedia&parent=249309"}],"wp:term":[{"taxonomy":"category","embeddable":true,"href":"https:\/\/diariodominicano.com\/index.php?rest_route=%2Fwp%2Fv2%2Fcategories&post=249309"},{"taxonomy":"post_tag","embeddable":true,"href":"https:\/\/diariodominicano.com\/index.php?rest_route=%2Fwp%2Fv2%2Ftags&post=249309"}],"curies":[{"name":"wp","href":"https:\/\/api.w.org\/{rel}","templated":true}]}}