{"id":249308,"date":"2016-07-20T10:31:50","date_gmt":"2016-07-20T10:31:50","guid":{"rendered":"http:\/\/diariodominicano.ddns.net\/?p=249308"},"modified":"2016-07-20T10:31:50","modified_gmt":"2016-07-20T10:31:50","slug":"siria-condena-bombardeo-contra-civiles-en-el-norte-del-pais","status":"publish","type":"post","link":"https:\/\/diariodominicano.com\/?p=249308","title":{"rendered":"Siria condena bombardeo contra civiles en el norte del pa\u00eds"},"content":{"rendered":"<p><body><\/p>\n<p><img decoding=\"async\" src=\"img3\/siria-bombardeo20-7.jpg\" \/>  <\/p>\n<p><span class=\"text1noticias\">Damasco, 20 jul (PL) Siria denunci\u00f3 en cartas a las Naciones Unidas el bombardeo de aviones franceses contra la poblaci\u00f3n de Tukhan al Kubra, acci\u00f3n que caus\u00f3 la muerte de m\u00e1s de 120 personas en esa regi\u00f3n del norte del pa\u00eds.<\/span><\/p>\n<\/p>\n<p><span class=\"text1noticias\">Ese ataque sucede un d\u00eda despu\u00e9s de otro realizado por aeronaves de guerra de Estados Unidos contra la ciudad de Manbij, donde murieron m\u00e1s de 20 civiles, la mayor\u00eda ni\u00f1os y mujeres, agregaron las misivas.<\/span><\/p>\n<\/p>\n<p><span class=\"text1noticias\">Los informes indican que el destino de decenas de civiles, que a\u00fan est\u00e1n bajo los escombros de sus casas, sigue siendo desconocido, subrayan los documentos enviados al Consejo de Seguridad de la ONU por la canciller\u00eda siria.<\/span><\/p>\n<\/p>\n<p><span class=\"text1noticias\">\u00abEl gobierno de la Rep\u00fablica \u00c1rabe Siria pide condenar esta masacre cometida por Francia y exige al Consejo de Seguridad cumplir con su deber de mantener la paz y la seguridad internacionales mediante la adopci\u00f3n de medidas punitivas contra los estados y reg\u00edmenes que apoyan y financian el terrorismo\u00bb, precisa la declaraci\u00f3n.<\/span><\/p>\n<\/p>\n<p><span class=\"text1noticias\">A pesar de las masacres, los cr\u00edmenes y la destrucci\u00f3n, el gobierno de Siria seguir\u00e1 cumpliendo su deber en la lucha contra el terrorismo, y trabaja para encontrar una soluci\u00f3n pol\u00edtica a la crisis a trav\u00e9s de un di\u00e1logo entre los sirios, y sin injerencia extranjera, destaca la denuncia.<\/span><\/p>\n<\/p>\n<p><span class=\"text1noticias\">Las localidades de Turkhan al Kubra y Manbij se ubican en el norte del territorio sirio, a menos de 30 kil\u00f3metros de la frontera con Turqu\u00eda y en una regi\u00f3n donde la Coalici\u00f3n Internacional, liderada por Estados Unidos, desarrolla ataques presuntamente contra efectivos del Estado Isl\u00e1mico (Daesh, en \u00e1rabe). ocs\/pgh<\/span><\/p>\n<h6> 2016-07-20 10:31:50 <\/h6>\n<p><!--\n<link rel=\"stylesheet\" href=\"css\/bootstrap.min.css\">\n\n\n<ul class=\"pagination\">\n\t    \n\t\n\n<li >\n\t<a href='?page_no=18952'>Previous<\/a>\n\t<\/li>\n\n\n       \n    \n\n<li><a href='?page_no=1'>1<\/a><\/li>\n\n\n\n<li><a href='?page_no=2'>2<\/a><\/li>\n\n\n\n<li><a>...<\/a><\/li>\n\n\n\n<li><a href='?page_no=18951'>18951<\/a><\/li>\n\n\n\n<li><a href='?page_no=18952'>18952<\/a><\/li>\n\n\n\n<li class='active'><a>18953<\/a><\/li>\n\n\n\n<li><a href='?page_no=18954'>18954<\/a><\/li>\n\n\n\n<li><a href='?page_no=18955'>18955<\/a><\/li>\n\n\n\n<li><a>...<\/a><\/li>\n\n\n\n<li><a href='?page_no=51012'>51012<\/a><\/li>\n\n\n\n<li><a href='?page_no=51013'>51013<\/a><\/li>\n\n    \n\t\n\n<li >\n\t<a href='?page_no=18954'>Next<\/a>\n\t<\/li>\n\n\n    \n\n<li><a href='?page_no=51013'>Last &rsaquo;&rsaquo;<\/a><\/li>\n\n<\/ul>\n\n\n--><br \/>\n<\/body><\/p>\n","protected":false},"excerpt":{"rendered":"<p>Damasco, 20 jul (PL) Siria denunci\u00f3 en cartas a las Naciones Unidas el bombardeo de aviones franceses contra la poblaci\u00f3n de Tukhan al Kubra, acci\u00f3n que caus\u00f3 la muerte de m\u00e1s de 120 personas en esa regi\u00f3n del norte del pa\u00eds. Ese ataque sucede un d\u00eda despu\u00e9s de otro realizado por aeronaves de guerra de [&hellip;]<\/p>\n","protected":false},"author":3,"featured_media":0,"comment_status":"open","ping_status":"open","sticky":false,"template":"","format":"standard","meta":{"footnotes":""},"categories":[23],"tags":[],"class_list":["post-249308","post","type-post","status-publish","format-standard","hentry","category-internacional"],"_links":{"self":[{"href":"https:\/\/diariodominicano.com\/index.php?rest_route=\/wp\/v2\/posts\/249308","targetHints":{"allow":["GET"]}}],"collection":[{"href":"https:\/\/diariodominicano.com\/index.php?rest_route=\/wp\/v2\/posts"}],"about":[{"href":"https:\/\/diariodominicano.com\/index.php?rest_route=\/wp\/v2\/types\/post"}],"author":[{"embeddable":true,"href":"https:\/\/diariodominicano.com\/index.php?rest_route=\/wp\/v2\/users\/3"}],"replies":[{"embeddable":true,"href":"https:\/\/diariodominicano.com\/index.php?rest_route=%2Fwp%2Fv2%2Fcomments&post=249308"}],"version-history":[{"count":0,"href":"https:\/\/diariodominicano.com\/index.php?rest_route=\/wp\/v2\/posts\/249308\/revisions"}],"wp:attachment":[{"href":"https:\/\/diariodominicano.com\/index.php?rest_route=%2Fwp%2Fv2%2Fmedia&parent=249308"}],"wp:term":[{"taxonomy":"category","embeddable":true,"href":"https:\/\/diariodominicano.com\/index.php?rest_route=%2Fwp%2Fv2%2Fcategories&post=249308"},{"taxonomy":"post_tag","embeddable":true,"href":"https:\/\/diariodominicano.com\/index.php?rest_route=%2Fwp%2Fv2%2Ftags&post=249308"}],"curies":[{"name":"wp","href":"https:\/\/api.w.org\/{rel}","templated":true}]}}