{"id":249307,"date":"2016-07-20T10:55:20","date_gmt":"2016-07-20T10:55:20","guid":{"rendered":"http:\/\/diariodominicano.ddns.net\/?p=249307"},"modified":"2016-07-20T10:55:20","modified_gmt":"2016-07-20T10:55:20","slug":"profanan-con-pinturas-obscenas-imagen-de-la-virgen-maria","status":"publish","type":"post","link":"https:\/\/diariodominicano.com\/?p=249307","title":{"rendered":"Profanan con pinturas obscenas imagen de la Virgen Mar\u00eda"},"content":{"rendered":"<p><body><\/p>\n<p><img decoding=\"async\" src=\"img3\/profanacion20-7.jpg\" \/>  <\/p>\n<p><span class=\"text1noticias\">SANTIAGO, 19 Jul. 16 \/ 05:23 pm (ACI).- En la madrugada del 17 de julio, un grupo de desconocidos profan\u00f3 una imagen de Nuestra Se\u00f1ora de los Suspiros en Cartagena, a unos 111 kil\u00f3metros al oeste de Santiago.<\/span><\/p>\n<p><span class=\"text1noticias\"> <\/span><\/p>\n<p><span class=\"text1noticias\">Los v\u00e1ndalos hicieron pintas obscenas con pintura verde y le cortaron los dedos a una de las manos de la imagen.<\/span><\/p>\n<p><span class=\"text1noticias\"> <\/span><\/p>\n<p><span class=\"text1noticias\">Tambi\u00e9n destrozaron las flores y placas que los devotos colocan para agradecer a la Virgen por los favores concedidos.<\/span><\/p>\n<p><span class=\"text1noticias\"> <\/span><\/p>\n<p><span class=\"text1noticias\">El municipio de Cartagena restaur\u00f3 r\u00e1pidamente la imagen y las autoridades est\u00e1n trabajando para encontrar a los responsables de estos hechos que fueron captados por una c\u00e1mara de seguridad.<\/span><\/p>\n<p><span class=\"text1noticias\"> <\/span><\/p>\n<p><span class=\"text1noticias\">La profanaci\u00f3n de Nuestra Se\u00f1ora de los Suspiros, imagen que se remonta a comienzos del siglo XX, no es un hecho aislado en Chile.<\/span><\/p>\n<p><span class=\"text1noticias\"> <\/span><\/p>\n<p><span class=\"text1noticias\">En lo que va de 2016 ya han ocurrido varios atentados contra im\u00e1genes y templos, como los perpetrados a causa del conflicto mapuche en el sur del pa\u00eds.<\/span><\/p>\n<p><span class=\"text1noticias\"> <\/span><\/p>\n<p><span class=\"text1noticias\">Uno de los m\u00e1s repudiados fue la destrucci\u00f3n de una imagen de Cristo crucificado que encapuchados sacaron de la emblem\u00e1tica Iglesia de la Gratitud Nacional en Santiago, y que destrozaron en plena v\u00eda p\u00fablica durante una marcha estudiantil.<\/span><\/p>\n<p><span class=\"text1noticias\"> <\/span><\/p>\n<p><span class=\"text1noticias\">Para el abogado de la organizaci\u00f3n Voces Cat\u00f3licas, Alejandro \u00c1lvarez, los ataques a im\u00e1genes y templos cat\u00f3licos \u00absin duda muestran una falta de respeto a la sensibilidad religiosa de millones de chilenos\u00bb y \u00abrevelan la falta de tolerancia, respeto, di\u00e1logo y encuentro con el otro\u00bb.<\/span><\/p>\n<p><span class=\"text1noticias\"> <\/span><\/p>\n<p><span class=\"text1noticias\">\u00abPor eso, el mensaje del Papa Francisco hacia una ?cultura del encuentro? cobra mayor sentido e importancia\u00bb, dijo a ACI Prensa.<\/span><\/p>\n<p><span class=\"text1noticias\"> <\/span><\/p>\n<p><span class=\"text1noticias\">Para el abogado existen distintos factores que influyen en que una sociedad llegue a actos como estos, entre los que se destacan \u00abla desconfianza, problemas sociales sin soluci\u00f3n, descontento social y otros tantos que nos han llevado a no dialogar con el pr\u00f3jimo\u00bb.<\/span><\/p>\n<p><span class=\"text1noticias\"> <\/span><\/p>\n<p><span class=\"text1noticias\">\u00c1lvarez asegur\u00f3 que la respuesta de un cat\u00f3lico frente a estos actos de odio a la fe debe surgir siempre \u00abde los valores y principios del cristianismo\u00bb, los que dar\u00e1n lugar al \u00abrespeto, la tolerancia, el di\u00e1logo, y la contribuci\u00f3n a la pa<\/span>z social\u00bb.<\/p>\n<h6> 2016-07-20 10:55:20 <\/h6>\n<p><!--\n<link rel=\"stylesheet\" href=\"css\/bootstrap.min.css\">\n\n\n<ul class=\"pagination\">\n\t    \n\t\n\n<li >\n\t<a href='?page_no=18951'>Previous<\/a>\n\t<\/li>\n\n\n       \n    \n\n<li><a href='?page_no=1'>1<\/a><\/li>\n\n\n\n<li><a href='?page_no=2'>2<\/a><\/li>\n\n\n\n<li><a>...<\/a><\/li>\n\n\n\n<li><a href='?page_no=18950'>18950<\/a><\/li>\n\n\n\n<li><a href='?page_no=18951'>18951<\/a><\/li>\n\n\n\n<li class='active'><a>18952<\/a><\/li>\n\n\n\n<li><a href='?page_no=18953'>18953<\/a><\/li>\n\n\n\n<li><a href='?page_no=18954'>18954<\/a><\/li>\n\n\n\n<li><a>...<\/a><\/li>\n\n\n\n<li><a href='?page_no=51012'>51012<\/a><\/li>\n\n\n\n<li><a href='?page_no=51013'>51013<\/a><\/li>\n\n    \n\t\n\n<li >\n\t<a href='?page_no=18953'>Next<\/a>\n\t<\/li>\n\n\n    \n\n<li><a href='?page_no=51013'>Last &rsaquo;&rsaquo;<\/a><\/li>\n\n<\/ul>\n\n\n--><br \/>\n<\/body><\/p>\n","protected":false},"excerpt":{"rendered":"<p>SANTIAGO, 19 Jul. 16 \/ 05:23 pm (ACI).- En la madrugada del 17 de julio, un grupo de desconocidos profan\u00f3 una imagen de Nuestra Se\u00f1ora de los Suspiros en Cartagena, a unos 111 kil\u00f3metros al oeste de Santiago. Los v\u00e1ndalos hicieron pintas obscenas con pintura verde y le cortaron los dedos a una de las [&hellip;]<\/p>\n","protected":false},"author":3,"featured_media":0,"comment_status":"open","ping_status":"open","sticky":false,"template":"","format":"standard","meta":{"footnotes":""},"categories":[23],"tags":[],"class_list":["post-249307","post","type-post","status-publish","format-standard","hentry","category-internacional"],"_links":{"self":[{"href":"https:\/\/diariodominicano.com\/index.php?rest_route=\/wp\/v2\/posts\/249307","targetHints":{"allow":["GET"]}}],"collection":[{"href":"https:\/\/diariodominicano.com\/index.php?rest_route=\/wp\/v2\/posts"}],"about":[{"href":"https:\/\/diariodominicano.com\/index.php?rest_route=\/wp\/v2\/types\/post"}],"author":[{"embeddable":true,"href":"https:\/\/diariodominicano.com\/index.php?rest_route=\/wp\/v2\/users\/3"}],"replies":[{"embeddable":true,"href":"https:\/\/diariodominicano.com\/index.php?rest_route=%2Fwp%2Fv2%2Fcomments&post=249307"}],"version-history":[{"count":0,"href":"https:\/\/diariodominicano.com\/index.php?rest_route=\/wp\/v2\/posts\/249307\/revisions"}],"wp:attachment":[{"href":"https:\/\/diariodominicano.com\/index.php?rest_route=%2Fwp%2Fv2%2Fmedia&parent=249307"}],"wp:term":[{"taxonomy":"category","embeddable":true,"href":"https:\/\/diariodominicano.com\/index.php?rest_route=%2Fwp%2Fv2%2Fcategories&post=249307"},{"taxonomy":"post_tag","embeddable":true,"href":"https:\/\/diariodominicano.com\/index.php?rest_route=%2Fwp%2Fv2%2Ftags&post=249307"}],"curies":[{"name":"wp","href":"https:\/\/api.w.org\/{rel}","templated":true}]}}