{"id":249305,"date":"2016-07-20T11:27:08","date_gmt":"2016-07-20T11:27:08","guid":{"rendered":"http:\/\/diariodominicano.ddns.net\/?p=249305"},"modified":"2016-07-20T11:27:08","modified_gmt":"2016-07-20T11:27:08","slug":"decrece-tasa-de-desempleo-en-reino-unido","status":"publish","type":"post","link":"https:\/\/diariodominicano.com\/?p=249305","title":{"rendered":"Decrece tasa de desempleo en Reino Unido"},"content":{"rendered":"<p><body><\/p>\n<p><img decoding=\"async\" src=\"img3\/desempleo20.jpg\" \/>  <\/p>\n<p><span class=\"text1noticias\">Londres, 20 jul (PL) La tasa de desempleo en Reino Unido baj\u00f3 en mayo a su nivel m\u00e1s bajo desde 2005, mostraron hoy datos oficiales.<\/span><\/p>\n<p><span class=\"text1noticias\"> <\/span><\/p>\n<p><span class=\"text1noticias\">Esta cifra, recuerda el informe, refleja una situaci\u00f3n laboral antes del referendo en el que se aprob\u00f3 la salida brit\u00e1nica de la Uni\u00f3n Europea, conocida como Brexit.<\/span><\/p>\n<p><span class=\"text1noticias\"> <\/span><\/p>\n<p><span class=\"text1noticias\">Dicho reporte agrega que ello ocurre luego de un mercado laboral fortalecido en el per\u00edodo previo al referendo del mes pasado, ahora bajo la incertidumbre de la salida de la Uni\u00f3n.<\/span><\/p>\n<p><span class=\"text1noticias\"> <\/span><\/p>\n<p><span class=\"text1noticias\">La tasa de desempleo cay\u00f3 a 4,9 por ciento en los tres meses a mayo, su nivel m\u00e1s bajo desde los tres meses hasta octubre del 2005, y por debajo de 5,0 por ciento en abril, dijo la Oficina Nacional de Estad\u00edsticas.<\/span><\/p>\n<p><span class=\"text1noticias\"> <\/span><\/p>\n<p><span class=\"text1noticias\">Los economistas esperaban que el desempleo se mantuviera en 5,0 por cie<\/span>nto.<\/p>\n<h6> 2016-07-20 11:27:08 <\/h6>\n<p><!--\n<link rel=\"stylesheet\" href=\"css\/bootstrap.min.css\">\n\n\n<ul class=\"pagination\">\n\t    \n\t\n\n<li >\n\t<a href='?page_no=18949'>Previous<\/a>\n\t<\/li>\n\n\n       \n    \n\n<li><a href='?page_no=1'>1<\/a><\/li>\n\n\n\n<li><a href='?page_no=2'>2<\/a><\/li>\n\n\n\n<li><a>...<\/a><\/li>\n\n\n\n<li><a href='?page_no=18948'>18948<\/a><\/li>\n\n\n\n<li><a href='?page_no=18949'>18949<\/a><\/li>\n\n\n\n<li class='active'><a>18950<\/a><\/li>\n\n\n\n<li><a href='?page_no=18951'>18951<\/a><\/li>\n\n\n\n<li><a href='?page_no=18952'>18952<\/a><\/li>\n\n\n\n<li><a>...<\/a><\/li>\n\n\n\n<li><a href='?page_no=51012'>51012<\/a><\/li>\n\n\n\n<li><a href='?page_no=51013'>51013<\/a><\/li>\n\n    \n\t\n\n<li >\n\t<a href='?page_no=18951'>Next<\/a>\n\t<\/li>\n\n\n    \n\n<li><a href='?page_no=51013'>Last &rsaquo;&rsaquo;<\/a><\/li>\n\n<\/ul>\n\n\n--><br \/>\n<\/body><\/p>\n","protected":false},"excerpt":{"rendered":"<p>Londres, 20 jul (PL) La tasa de desempleo en Reino Unido baj\u00f3 en mayo a su nivel m\u00e1s bajo desde 2005, mostraron hoy datos oficiales. Esta cifra, recuerda el informe, refleja una situaci\u00f3n laboral antes del referendo en el que se aprob\u00f3 la salida brit\u00e1nica de la Uni\u00f3n Europea, conocida como Brexit. Dicho reporte agrega [&hellip;]<\/p>\n","protected":false},"author":3,"featured_media":0,"comment_status":"open","ping_status":"open","sticky":false,"template":"","format":"standard","meta":{"footnotes":""},"categories":[23],"tags":[],"class_list":["post-249305","post","type-post","status-publish","format-standard","hentry","category-internacional"],"_links":{"self":[{"href":"https:\/\/diariodominicano.com\/index.php?rest_route=\/wp\/v2\/posts\/249305","targetHints":{"allow":["GET"]}}],"collection":[{"href":"https:\/\/diariodominicano.com\/index.php?rest_route=\/wp\/v2\/posts"}],"about":[{"href":"https:\/\/diariodominicano.com\/index.php?rest_route=\/wp\/v2\/types\/post"}],"author":[{"embeddable":true,"href":"https:\/\/diariodominicano.com\/index.php?rest_route=\/wp\/v2\/users\/3"}],"replies":[{"embeddable":true,"href":"https:\/\/diariodominicano.com\/index.php?rest_route=%2Fwp%2Fv2%2Fcomments&post=249305"}],"version-history":[{"count":0,"href":"https:\/\/diariodominicano.com\/index.php?rest_route=\/wp\/v2\/posts\/249305\/revisions"}],"wp:attachment":[{"href":"https:\/\/diariodominicano.com\/index.php?rest_route=%2Fwp%2Fv2%2Fmedia&parent=249305"}],"wp:term":[{"taxonomy":"category","embeddable":true,"href":"https:\/\/diariodominicano.com\/index.php?rest_route=%2Fwp%2Fv2%2Fcategories&post=249305"},{"taxonomy":"post_tag","embeddable":true,"href":"https:\/\/diariodominicano.com\/index.php?rest_route=%2Fwp%2Fv2%2Ftags&post=249305"}],"curies":[{"name":"wp","href":"https:\/\/api.w.org\/{rel}","templated":true}]}}