{"id":249303,"date":"2016-07-20T12:15:05","date_gmt":"2016-07-20T12:15:05","guid":{"rendered":"http:\/\/diariodominicano.ddns.net\/?p=249303"},"modified":"2016-07-20T12:15:05","modified_gmt":"2016-07-20T12:15:05","slug":"incendio-en-torre-sulafa-de-75-pisos-en-dubai-causa-evacuacion-masiva","status":"publish","type":"post","link":"https:\/\/diariodominicano.com\/?p=249303","title":{"rendered":"Incendio en torre Sulafa de 75 pisos en Dubai causa evacuaci\u00f3n masiva"},"content":{"rendered":"<p><body><\/p>\n<p><img decoding=\"async\" src=\"img3\/Dubai20-7.jpg\" \/><br \/><img decoding=\"async\" src=\"img3\/Sulafatower20-7.jpg\" \/>  <\/p>\n<p><span class=\"text1noticias\">   DUBAI, 20 jul (Xinhua) &#8212; Un incendio ocurri\u00f3 hoy en los niveles intermedios de la Torre Sulafa de 75 pisos en Dubai, lo que ocasion\u00f3 una evacuaci\u00f3n masiva, mientras miembros de la defensa civil y de la polic\u00eda combaten el fuego, por el momento no hay reporte de v\u00edctimas.<\/span><\/p>\n<p><span class=\"text1noticias\"> <\/span><\/p>\n<p><span class=\"text1noticias\">     El fuego empez\u00f3 alrededor del piso 35 del rascacielos, de acuerdo con medios locales.<\/span><\/p>\n<p><span class=\"text1noticias\"> <\/span><\/p>\n<p><span class=\"text1noticias\">     Cientos de inquilinos fueron evacuados del edificio, algunos tos\u00edan a causa de la inhalaci\u00f3n de humo. Un viento ligero y cielo despejado en medio de temperaturas de unos 40 grados Celsius contribuyeron a avivar las llamas, que fueron subiendo piso a piso.<\/span><\/p>\n<p><span class=\"text1noticias\"> <\/span><\/p>\n<p><span class=\"text1noticias\">     Un residente \u00e1rabe del edificio de 285 metros de altura y quien logr\u00f3 sacar sus objetos de valor en una maleta del tama\u00f1o del equipaje de mano dijo a Xinhua que el edificio fue evacuado r\u00e1pidamente cuando se activ\u00f3 la alarma contra incendios.<\/span><\/p>\n<p><span class=\"text1noticias\"> <\/span><\/p>\n<p><span class=\"text1noticias\">    La polic\u00eda de Dubai cerr\u00f3 la zona que rodea a la torre en un radio de unos 300 metros y pidi\u00f3 a los automovilistas que tomaran calles alternas para dejar espacio a los cuerpos de rescate. Hasta las 17:00 hora local el fuego continuaba.<\/span><\/p>\n<p><span class=\"text1noticias\"> <\/span><\/p>\n<p><span class=\"text1noticias\">     El distrito Marina de Dubai, un \u00e1rea popular entre los residentes acaudalados y turistas de Dubai, se encuentra en el suroeste de la ciudad y tiene una de las densidades m\u00e1s altas de centros de lujo y de rascacielos en los Emiratos \u00c1rabes Uni<\/span>dos. <\/p>\n<h6> 2016-07-20 12:15:05 <\/h6>\n<p><!--\n<link rel=\"stylesheet\" href=\"css\/bootstrap.min.css\">\n\n\n<ul class=\"pagination\">\n\t    \n\t\n\n<li >\n\t<a href='?page_no=18947'>Previous<\/a>\n\t<\/li>\n\n\n       \n    \n\n<li><a href='?page_no=1'>1<\/a><\/li>\n\n\n\n<li><a href='?page_no=2'>2<\/a><\/li>\n\n\n\n<li><a>...<\/a><\/li>\n\n\n\n<li><a href='?page_no=18946'>18946<\/a><\/li>\n\n\n\n<li><a href='?page_no=18947'>18947<\/a><\/li>\n\n\n\n<li class='active'><a>18948<\/a><\/li>\n\n\n\n<li><a href='?page_no=18949'>18949<\/a><\/li>\n\n\n\n<li><a href='?page_no=18950'>18950<\/a><\/li>\n\n\n\n<li><a>...<\/a><\/li>\n\n\n\n<li><a href='?page_no=51012'>51012<\/a><\/li>\n\n\n\n<li><a href='?page_no=51013'>51013<\/a><\/li>\n\n    \n\t\n\n<li >\n\t<a href='?page_no=18949'>Next<\/a>\n\t<\/li>\n\n\n    \n\n<li><a href='?page_no=51013'>Last &rsaquo;&rsaquo;<\/a><\/li>\n\n<\/ul>\n\n\n--><br \/>\n<\/body><\/p>\n","protected":false},"excerpt":{"rendered":"<p>DUBAI, 20 jul (Xinhua) &#8212; Un incendio ocurri\u00f3 hoy en los niveles intermedios de la Torre Sulafa de 75 pisos en Dubai, lo que ocasion\u00f3 una evacuaci\u00f3n masiva, mientras miembros de la defensa civil y de la polic\u00eda combaten el fuego, por el momento no hay reporte de v\u00edctimas. El fuego empez\u00f3 alrededor del piso [&hellip;]<\/p>\n","protected":false},"author":3,"featured_media":0,"comment_status":"open","ping_status":"open","sticky":false,"template":"","format":"standard","meta":{"footnotes":""},"categories":[23],"tags":[],"class_list":["post-249303","post","type-post","status-publish","format-standard","hentry","category-internacional"],"_links":{"self":[{"href":"https:\/\/diariodominicano.com\/index.php?rest_route=\/wp\/v2\/posts\/249303","targetHints":{"allow":["GET"]}}],"collection":[{"href":"https:\/\/diariodominicano.com\/index.php?rest_route=\/wp\/v2\/posts"}],"about":[{"href":"https:\/\/diariodominicano.com\/index.php?rest_route=\/wp\/v2\/types\/post"}],"author":[{"embeddable":true,"href":"https:\/\/diariodominicano.com\/index.php?rest_route=\/wp\/v2\/users\/3"}],"replies":[{"embeddable":true,"href":"https:\/\/diariodominicano.com\/index.php?rest_route=%2Fwp%2Fv2%2Fcomments&post=249303"}],"version-history":[{"count":0,"href":"https:\/\/diariodominicano.com\/index.php?rest_route=\/wp\/v2\/posts\/249303\/revisions"}],"wp:attachment":[{"href":"https:\/\/diariodominicano.com\/index.php?rest_route=%2Fwp%2Fv2%2Fmedia&parent=249303"}],"wp:term":[{"taxonomy":"category","embeddable":true,"href":"https:\/\/diariodominicano.com\/index.php?rest_route=%2Fwp%2Fv2%2Fcategories&post=249303"},{"taxonomy":"post_tag","embeddable":true,"href":"https:\/\/diariodominicano.com\/index.php?rest_route=%2Fwp%2Fv2%2Ftags&post=249303"}],"curies":[{"name":"wp","href":"https:\/\/api.w.org\/{rel}","templated":true}]}}