{"id":249302,"date":"2016-07-21T03:59:04","date_gmt":"2016-07-21T03:59:04","guid":{"rendered":"http:\/\/diariodominicano.ddns.net\/?p=249302"},"modified":"2016-07-21T03:59:04","modified_gmt":"2016-07-21T03:59:04","slug":"el-gobierno-libio-de-unidad-nacional-acusa-a-francia-de-violacion-de-su-territorio","status":"publish","type":"post","link":"https:\/\/diariodominicano.com\/?p=249302","title":{"rendered":"El gobierno libio de unidad nacional acusa a Francia de \u00abviolaci\u00f3n\u00bb de su territorio&#13;"},"content":{"rendered":"<p><body><\/p>\n<p><img decoding=\"async\" src=\"img3\/6dac22966ebd19f80e1bc2698e4ba7ef3b69520b.jpg\" \/>  <\/p>\n<\/p>\n<p>21 Jul 2016<\/p>\n<\/p>\n<p>AFP \/ STRINGER<\/p>\n<p>Manifestantes libios en una protesta contra la intervenci\u00f3n francesa en el pa\u00eds el 20 de julio de 2016<\/p>\n<p>El gobierno libio de unidad nacional acus\u00f3 el mi\u00e9rcoles por la noche a Francia de \u00abviolaci\u00f3n\u00bb de su territorio, despu\u00e9s que Par\u00eds anunciara en la madrugada la muerte de tres de sus militares en el este pa\u00eds.<\/p>\n<p>La presencia francesa es \u00abuna violaci\u00f3n del territorio libio\u00bb, declar\u00f3 el gobierno de unidad en un mensaje en su cuenta en Facebook, estimando que nada \u00abjustifica una intervenci\u00f3n\u00bb sin que se informe previamente al ejecutivo libio.<\/p>\n<p>El gobierno de unidad nacional (GUN) mostr\u00f3 su descontento \u00abpor el anuncio del gobierno franc\u00e9s respecto a la presencia en el este de Libia\u00bb.<\/p>\n<p>Al mismo tiempo, se felicit\u00f3 de \u00abcualquier ayuda o asistencia ofrecida por pa\u00edses amigos en la guerra contra D\u00e1esh [acr\u00f3nimo en \u00e1rabe del grupo Estado Isl\u00e1mico], si esta interviene en el marco de una petici\u00f3n dirigida al GUN y en coordinaci\u00f3n con el GUN\u00bb.<\/p>\n<p>El presidente franc\u00e9s, Fran\u00e7ois Hollande, confirm\u00f3 el mi\u00e9rcoles por primera vez la presencia de soldados franceses en suelo libio, un pa\u00eds que, desde la ca\u00edda del r\u00e9gimen de Muamar Gadafi en 2011, se encuentra sumido en luchas de poder y enfrentamientos que han favorecido el auge de los yihadistas del EI.<\/p>\n<p>Par\u00eds anunci\u00f3 que tres de sus militares murieron en un \u00abaccidente de helic\u00f3ptero\u00bb durante una misi\u00f3n de informaci\u00f3n.<\/p>\n<p>Tras este anuncio, cientos de personas se manifestaron el mi\u00e9rcoles en varias ciudades de Libia para protestar contra la presencia militar francesa.<\/p>\n<h6> 2016-07-21 03:59:04 <\/h6>\n<p><!--\n<link rel=\"stylesheet\" href=\"css\/bootstrap.min.css\">\n\n\n<ul class=\"pagination\">\n\t    \n\t\n\n<li >\n\t<a href='?page_no=18946'>Previous<\/a>\n\t<\/li>\n\n\n       \n    \n\n<li><a href='?page_no=1'>1<\/a><\/li>\n\n\n\n<li><a href='?page_no=2'>2<\/a><\/li>\n\n\n\n<li><a>...<\/a><\/li>\n\n\n\n<li><a href='?page_no=18945'>18945<\/a><\/li>\n\n\n\n<li><a href='?page_no=18946'>18946<\/a><\/li>\n\n\n\n<li class='active'><a>18947<\/a><\/li>\n\n\n\n<li><a href='?page_no=18948'>18948<\/a><\/li>\n\n\n\n<li><a href='?page_no=18949'>18949<\/a><\/li>\n\n\n\n<li><a>...<\/a><\/li>\n\n\n\n<li><a href='?page_no=51012'>51012<\/a><\/li>\n\n\n\n<li><a href='?page_no=51013'>51013<\/a><\/li>\n\n    \n\t\n\n<li >\n\t<a href='?page_no=18948'>Next<\/a>\n\t<\/li>\n\n\n    \n\n<li><a href='?page_no=51013'>Last &rsaquo;&rsaquo;<\/a><\/li>\n\n<\/ul>\n\n\n--><br \/>\n<\/body><\/p>\n","protected":false},"excerpt":{"rendered":"<p>21 Jul 2016 AFP \/ STRINGER Manifestantes libios en una protesta contra la intervenci\u00f3n francesa en el pa\u00eds el 20 de julio de 2016 El gobierno libio de unidad nacional acus\u00f3 el mi\u00e9rcoles por la noche a Francia de \u00abviolaci\u00f3n\u00bb de su territorio, despu\u00e9s que Par\u00eds anunciara en la madrugada la muerte de tres de [&hellip;]<\/p>\n","protected":false},"author":3,"featured_media":0,"comment_status":"open","ping_status":"open","sticky":false,"template":"","format":"standard","meta":{"footnotes":""},"categories":[23],"tags":[],"class_list":["post-249302","post","type-post","status-publish","format-standard","hentry","category-internacional"],"_links":{"self":[{"href":"https:\/\/diariodominicano.com\/index.php?rest_route=\/wp\/v2\/posts\/249302","targetHints":{"allow":["GET"]}}],"collection":[{"href":"https:\/\/diariodominicano.com\/index.php?rest_route=\/wp\/v2\/posts"}],"about":[{"href":"https:\/\/diariodominicano.com\/index.php?rest_route=\/wp\/v2\/types\/post"}],"author":[{"embeddable":true,"href":"https:\/\/diariodominicano.com\/index.php?rest_route=\/wp\/v2\/users\/3"}],"replies":[{"embeddable":true,"href":"https:\/\/diariodominicano.com\/index.php?rest_route=%2Fwp%2Fv2%2Fcomments&post=249302"}],"version-history":[{"count":0,"href":"https:\/\/diariodominicano.com\/index.php?rest_route=\/wp\/v2\/posts\/249302\/revisions"}],"wp:attachment":[{"href":"https:\/\/diariodominicano.com\/index.php?rest_route=%2Fwp%2Fv2%2Fmedia&parent=249302"}],"wp:term":[{"taxonomy":"category","embeddable":true,"href":"https:\/\/diariodominicano.com\/index.php?rest_route=%2Fwp%2Fv2%2Fcategories&post=249302"},{"taxonomy":"post_tag","embeddable":true,"href":"https:\/\/diariodominicano.com\/index.php?rest_route=%2Fwp%2Fv2%2Ftags&post=249302"}],"curies":[{"name":"wp","href":"https:\/\/api.w.org\/{rel}","templated":true}]}}