{"id":249301,"date":"2016-07-21T08:42:23","date_gmt":"2016-07-21T08:42:23","guid":{"rendered":"http:\/\/diariodominicano.ddns.net\/?p=249301"},"modified":"2016-07-21T08:42:23","modified_gmt":"2016-07-21T08:42:23","slug":"periodistas-de-cnn-citados-a-declarar-ante-fiscalia-boliviana","status":"publish","type":"post","link":"https:\/\/diariodominicano.com\/?p=249301","title":{"rendered":"Periodistas de CNN citados a declarar ante fiscal\u00eda boliviana"},"content":{"rendered":"<p><body><\/p>\n<p><img decoding=\"async\" src=\"img3\/bolivia-cnn21-7.jpg\" \/>  <\/p>\n<p><span class=\"text1noticias\">La Paz, 21 jul (PL) La fiscal\u00eda boliviana cit\u00f3 a declarar a partir de hoy a los periodistas de CNN Fernando del Rinc\u00f3n y Alex Ardines, en el caso de la suplantaci\u00f3n de un menor para hacerlo pasar como hijo del presidente.<\/span><\/p>\n<p><span class=\"text1noticias\"> <\/span><\/p>\n<p><span class=\"text1noticias\">Seg\u00fan precis\u00f3 el fiscal general del Estado, Ramiro Guerrero, el presentador Del Rinc\u00f3n deber\u00e1 comparecer este jueves y Ardines ma\u00f1ana en calidad de testigos.<\/span><\/p>\n<p><span class=\"text1noticias\"> <\/span><\/p>\n<p><span class=\"text1noticias\">\u00abEspero que puedan asistir a esa toma de declaraciones por parte de la comisi\u00f3n de fiscales\u00bb, dijo Guerrero, y a\u00f1adi\u00f3 que si no se presentan habr\u00e1 una segunda citaci\u00f3n.<\/span><\/p>\n<p><span class=\"text1noticias\"> <\/span><\/p>\n<p><span class=\"text1noticias\">CNN entrevist\u00f3 el 5 de mayo en un hotel de La Paz a un menor a quien presentaron como hijo del presidente Evo Morales con la exfuncionaria de la empresa CAMC Gabriela Zapata.<\/span><\/p>\n<p><span class=\"text1noticias\"> <\/span><\/p>\n<p><span class=\"text1noticias\">El ni\u00f1o lleg\u00f3 a la entrevista utilizando un antifaz y acompa\u00f1ado de su verdadero padre y, aunque CNN se dio cuenta de que era un menor suplantado, no lo denunci\u00f3.<\/span><\/p>\n<p><span class=\"text1noticias\"> <\/span><\/p>\n<p><span class=\"text1noticias\">\u00abSi hubiera sido un periodista responsable deber\u00eda denunciar, pero como era un medio de comunicaci\u00f3n m\u00e1s de la conspiraci\u00f3n pol\u00edtica, calla, no denuncia. Ah\u00ed est\u00e1 la complicidad de un delito\u00bb, denunci\u00f3 recientemente el presidente Morales.<\/span><\/p>\n<p><span class=\"text1noticias\"> <\/span><\/p>\n<p><span class=\"text1noticias\">De acuerdo con el mandatario, la cadena internacional vulner\u00f3 los art\u00edculos 131, 132, 171 y 23 del C\u00f3digo Penal, referidos a la apolog\u00eda p\u00fablica de un delito, asociaci\u00f3n delictuosa, encubrimiento y complicidad.<\/span><\/p>\n<p><span class=\"text1noticias\"> <\/span><\/p>\n<p><span class=\"text1noticias\">Investigaciones realizadas por el Ministerio P\u00fablico revelaron que a los verdaderos padres del menor utilizado para esta confabulaci\u00f3n contra el presidente se les pag\u00f3 cinco mil d\u00f3lares.<\/span><\/p>\n<p><span class=\"text1noticias\"> <\/span><\/p>\n<p><span class=\"text1noticias\">La ministra de Comunicaci\u00f3n Marianela Paco denunci\u00f3 que esta mentira ten\u00eda como fin da\u00f1ar la imagen del jefe de Estado, en ocasi\u00f3n del referendo sobre una modificaci\u00f3n constitucional que permitiera la repostulaci\u00f3n presi<\/span>dencial.<\/p>\n<h6> 2016-07-21 08:42:23 <\/h6>\n<p><!--\n<link rel=\"stylesheet\" href=\"css\/bootstrap.min.css\">\n\n\n<ul class=\"pagination\">\n\t    \n\t\n\n<li >\n\t<a href='?page_no=18945'>Previous<\/a>\n\t<\/li>\n\n\n       \n    \n\n<li><a href='?page_no=1'>1<\/a><\/li>\n\n\n\n<li><a href='?page_no=2'>2<\/a><\/li>\n\n\n\n<li><a>...<\/a><\/li>\n\n\n\n<li><a href='?page_no=18944'>18944<\/a><\/li>\n\n\n\n<li><a href='?page_no=18945'>18945<\/a><\/li>\n\n\n\n<li class='active'><a>18946<\/a><\/li>\n\n\n\n<li><a href='?page_no=18947'>18947<\/a><\/li>\n\n\n\n<li><a href='?page_no=18948'>18948<\/a><\/li>\n\n\n\n<li><a>...<\/a><\/li>\n\n\n\n<li><a href='?page_no=51012'>51012<\/a><\/li>\n\n\n\n<li><a href='?page_no=51013'>51013<\/a><\/li>\n\n    \n\t\n\n<li >\n\t<a href='?page_no=18947'>Next<\/a>\n\t<\/li>\n\n\n    \n\n<li><a href='?page_no=51013'>Last &rsaquo;&rsaquo;<\/a><\/li>\n\n<\/ul>\n\n\n--><br \/>\n<\/body><\/p>\n","protected":false},"excerpt":{"rendered":"<p>La Paz, 21 jul (PL) La fiscal\u00eda boliviana cit\u00f3 a declarar a partir de hoy a los periodistas de CNN Fernando del Rinc\u00f3n y Alex Ardines, en el caso de la suplantaci\u00f3n de un menor para hacerlo pasar como hijo del presidente. Seg\u00fan precis\u00f3 el fiscal general del Estado, Ramiro Guerrero, el presentador Del Rinc\u00f3n [&hellip;]<\/p>\n","protected":false},"author":3,"featured_media":0,"comment_status":"open","ping_status":"open","sticky":false,"template":"","format":"standard","meta":{"footnotes":""},"categories":[23],"tags":[],"class_list":["post-249301","post","type-post","status-publish","format-standard","hentry","category-internacional"],"_links":{"self":[{"href":"https:\/\/diariodominicano.com\/index.php?rest_route=\/wp\/v2\/posts\/249301","targetHints":{"allow":["GET"]}}],"collection":[{"href":"https:\/\/diariodominicano.com\/index.php?rest_route=\/wp\/v2\/posts"}],"about":[{"href":"https:\/\/diariodominicano.com\/index.php?rest_route=\/wp\/v2\/types\/post"}],"author":[{"embeddable":true,"href":"https:\/\/diariodominicano.com\/index.php?rest_route=\/wp\/v2\/users\/3"}],"replies":[{"embeddable":true,"href":"https:\/\/diariodominicano.com\/index.php?rest_route=%2Fwp%2Fv2%2Fcomments&post=249301"}],"version-history":[{"count":0,"href":"https:\/\/diariodominicano.com\/index.php?rest_route=\/wp\/v2\/posts\/249301\/revisions"}],"wp:attachment":[{"href":"https:\/\/diariodominicano.com\/index.php?rest_route=%2Fwp%2Fv2%2Fmedia&parent=249301"}],"wp:term":[{"taxonomy":"category","embeddable":true,"href":"https:\/\/diariodominicano.com\/index.php?rest_route=%2Fwp%2Fv2%2Fcategories&post=249301"},{"taxonomy":"post_tag","embeddable":true,"href":"https:\/\/diariodominicano.com\/index.php?rest_route=%2Fwp%2Fv2%2Ftags&post=249301"}],"curies":[{"name":"wp","href":"https:\/\/api.w.org\/{rel}","templated":true}]}}