{"id":249297,"date":"2016-07-21T09:59:12","date_gmt":"2016-07-21T09:59:12","guid":{"rendered":"http:\/\/diariodominicano.ddns.net\/?p=249297"},"modified":"2016-07-21T09:59:12","modified_gmt":"2016-07-21T09:59:12","slug":"delegados-republicanos-abuchean-a-ted-cruz-por-no-apoyar-a-trump","status":"publish","type":"post","link":"https:\/\/diariodominicano.com\/?p=249297","title":{"rendered":"Delegados republicanos abuchean a Ted Cruz por no apoyar a Trump"},"content":{"rendered":"<p><body><\/p>\n<p><img decoding=\"async\" src=\"img3\/Ted21-7.jpg\" \/>  <\/p>\n<p><span class=\"text1noticias\">  CLEVELAND, Estados Unidos, 21 jul (Xinhua) &#8212; Ted Cruz, el exrival de Donald Trump en las primarias republicanas, fue abucheado la noche del mi\u00e9rcoles cuando se dirig\u00eda a la convenci\u00f3n del Partido Republicano tras no dar su respaldo al magnate neoyorkino, el candidato oficial a la presidencia de Estados Unidos.<\/span><\/p>\n<p><span class=\"text1noticias\"> <\/span><\/p>\n<p><span class=\"text1noticias\">     \u00abLev\u00e1ntense y hablen y voten de acuerdo con su conciencia; voten por candidatos (&#8230;) en quienes conf\u00eden para defender nuestra libertad y sean fieles a la Constituci\u00f3n\u00bb, asever\u00f3 Cruz en su discurso, en vez de instar a los republicanos a que se pongan detr\u00e1s de Donald Trump, el magnate inmobiliario de Nueva York.<\/span><\/p>\n<p><span class=\"text1noticias\"> <\/span><\/p>\n<p><span class=\"text1noticias\">     Las palabras, que se hicieron eco de las declaraciones del movimiento Never Trump, provocaron abucheos y gritos de \u00abTrump\u00bb y \u00abqueremos a Trump\u00bb de la audiencia.<\/span><\/p>\n<p><span class=\"text1noticias\"> <\/span><\/p>\n<p><span class=\"text1noticias\">     \u00abFelicito a Donald Trump por ganar la nominaci\u00f3n la pasada noche\u00bb, dijo el senador de Texas, la \u00fanica menci\u00f3n al ya candidato en su discurso.<\/span><\/p>\n<p><span class=\"text1noticias\"> <\/span><\/p>\n<p><span class=\"text1noticias\">     \u00abEstamos luchando, no por un candidato particular o una campa\u00f1a, sino porque cada uno de nosotros quiere poder decir a nuestros hijos y nietos (&#8230;) que hicimos lo mejor por su futuro y su pa\u00eds\u00bb, enfatiz\u00f3.<\/span><\/p>\n<p><span class=\"text1noticias\"> <\/span><\/p>\n<p><span class=\"text1noticias\">     Poco despu\u00e9s de que Cruz saliese del escenario, Trump entr\u00f3 en el auditorio por el lado opuesto para sentarse con su familia y mirar a su hijo Eric dirigirse a la multitud.<\/span><\/p>\n<p><span class=\"text1noticias\"> <\/span><\/p>\n<p><span class=\"text1noticias\">     Cruz qued\u00f3 en segundo lugar despu\u00e9s de Trump en las primarias republicanas. Durante la carrera, Trump etiquet\u00f3 a Cruz como \u00abTed el mentiroso\u00bb y cuestion\u00f3 si pod\u00eda competir por la presidencia porque naci\u00f3 en Ca<\/span>nad\u00e1. <\/p>\n<h6> 2016-07-21 09:59:12 <\/h6>\n<p><!--\n<link rel=\"stylesheet\" href=\"css\/bootstrap.min.css\">\n\n\n<ul class=\"pagination\">\n\t    \n\t\n\n<li >\n\t<a href='?page_no=18941'>Previous<\/a>\n\t<\/li>\n\n\n       \n    \n\n<li><a href='?page_no=1'>1<\/a><\/li>\n\n\n\n<li><a href='?page_no=2'>2<\/a><\/li>\n\n\n\n<li><a>...<\/a><\/li>\n\n\n\n<li><a href='?page_no=18940'>18940<\/a><\/li>\n\n\n\n<li><a href='?page_no=18941'>18941<\/a><\/li>\n\n\n\n<li class='active'><a>18942<\/a><\/li>\n\n\n\n<li><a href='?page_no=18943'>18943<\/a><\/li>\n\n\n\n<li><a href='?page_no=18944'>18944<\/a><\/li>\n\n\n\n<li><a>...<\/a><\/li>\n\n\n\n<li><a href='?page_no=51012'>51012<\/a><\/li>\n\n\n\n<li><a href='?page_no=51013'>51013<\/a><\/li>\n\n    \n\t\n\n<li >\n\t<a href='?page_no=18943'>Next<\/a>\n\t<\/li>\n\n\n    \n\n<li><a href='?page_no=51013'>Last &rsaquo;&rsaquo;<\/a><\/li>\n\n<\/ul>\n\n\n--><br \/>\n<\/body><\/p>\n","protected":false},"excerpt":{"rendered":"<p>CLEVELAND, Estados Unidos, 21 jul (Xinhua) &#8212; Ted Cruz, el exrival de Donald Trump en las primarias republicanas, fue abucheado la noche del mi\u00e9rcoles cuando se dirig\u00eda a la convenci\u00f3n del Partido Republicano tras no dar su respaldo al magnate neoyorkino, el candidato oficial a la presidencia de Estados Unidos. \u00abLev\u00e1ntense y hablen y voten [&hellip;]<\/p>\n","protected":false},"author":3,"featured_media":0,"comment_status":"open","ping_status":"open","sticky":false,"template":"","format":"standard","meta":{"footnotes":""},"categories":[23],"tags":[],"class_list":["post-249297","post","type-post","status-publish","format-standard","hentry","category-internacional"],"_links":{"self":[{"href":"https:\/\/diariodominicano.com\/index.php?rest_route=\/wp\/v2\/posts\/249297","targetHints":{"allow":["GET"]}}],"collection":[{"href":"https:\/\/diariodominicano.com\/index.php?rest_route=\/wp\/v2\/posts"}],"about":[{"href":"https:\/\/diariodominicano.com\/index.php?rest_route=\/wp\/v2\/types\/post"}],"author":[{"embeddable":true,"href":"https:\/\/diariodominicano.com\/index.php?rest_route=\/wp\/v2\/users\/3"}],"replies":[{"embeddable":true,"href":"https:\/\/diariodominicano.com\/index.php?rest_route=%2Fwp%2Fv2%2Fcomments&post=249297"}],"version-history":[{"count":0,"href":"https:\/\/diariodominicano.com\/index.php?rest_route=\/wp\/v2\/posts\/249297\/revisions"}],"wp:attachment":[{"href":"https:\/\/diariodominicano.com\/index.php?rest_route=%2Fwp%2Fv2%2Fmedia&parent=249297"}],"wp:term":[{"taxonomy":"category","embeddable":true,"href":"https:\/\/diariodominicano.com\/index.php?rest_route=%2Fwp%2Fv2%2Fcategories&post=249297"},{"taxonomy":"post_tag","embeddable":true,"href":"https:\/\/diariodominicano.com\/index.php?rest_route=%2Fwp%2Fv2%2Ftags&post=249297"}],"curies":[{"name":"wp","href":"https:\/\/api.w.org\/{rel}","templated":true}]}}