{"id":249294,"date":"2016-07-21T13:22:29","date_gmt":"2016-07-21T13:22:29","guid":{"rendered":"http:\/\/diariodominicano.ddns.net\/?p=249294"},"modified":"2016-07-21T13:22:29","modified_gmt":"2016-07-21T13:22:29","slug":"turquia-suspendera-la-convencion-europea-de-derechos-humanos","status":"publish","type":"post","link":"https:\/\/diariodominicano.com\/?p=249294","title":{"rendered":"Turqu\u00eda suspender\u00e1 la Convenci\u00f3n Europea de Derechos Humanos"},"content":{"rendered":"<p><body><\/p>\n<p><img decoding=\"async\" src=\"img3\/c947efb189576944549295124491eb5a92943a76.jpg\" \/>  <\/p>\n<\/p>\n<p><strong>AFP \/ Ozan Kose<\/strong><\/p>\n<p><strong>Un hombre vende banderas de Turqu\u00eda en la avenida Istiklal de Estambul este jueves 21 de julio<\/strong><\/p>\n<p>Turqu\u00eda suspender\u00e1 la Convenci\u00f3n Europea de Derechos Humanos durante la vigencia del estado de emergencia, previsto tras el intento de golpe de Estado militar, anunci\u00f3 este viernes el viceprimer ministro turco, Numan Kurtulmus.<\/p>\n<p>\u00abTurqu\u00eda suspender\u00e1 la Convenci\u00f3n Europea de Derechos Humanos para no entrar en conflicto con sus obligaciones internacionales, al igual que lo hizo Francia\u00bb tras los atentados de noviembre de 2015, asegur\u00f3 Kurtulmus, citado por la agencia de noticias progubernamental Anadolu.<\/p>\n<p>El art\u00edculo 15 de la CEDH reconoce a los Gobiernos, \u00aben circunstancias excepcionales\u00bb, la facultad de derogar \u00abde manera temporal, limitada y controlada\u00bb algunos derechos y libertades garantizados por la Convenci\u00f3n.<\/p>\n<p>Esta derogaci\u00f3n protege a Turqu\u00eda contra eventuales condenas por parte de la CEDH, m\u00e1xime cuando est\u00e1n en marcha importantes purgas en el ej\u00e9rcito, en la justicia, la magistratura, los medios de comunicaci\u00f3n y la ense\u00f1anza tras el golpe de Estado frustrado del 15 de julio contra el r\u00e9gimen del presidente, Recep Tayyip Erdogan.<\/p>\n<p>Francia anunci\u00f3 que derogar\u00eda esta convenci\u00f3n al declarar el estado de emergencia tras los atentados del 13 de noviembre de 2015 en Par\u00eds. Esta derogaci\u00f3n no dispensa, sin embargo, a un pa\u00eds de respetar algunos derechos considerados inalienables.<\/p>\n<p>Reino Unido tambi\u00e9n hizo uso de este procedimiento, pero s\u00f3lo para una parte de su territorio. En concreto, en Irlanda del Norte entre finales de 1988 y comienzos de 2001.<\/p>\n<h6> 2016-07-21 13:22:29 <\/h6>\n<p><!--\n<link rel=\"stylesheet\" href=\"css\/bootstrap.min.css\">\n\n\n<ul class=\"pagination\">\n\t    \n\t\n\n<li >\n\t<a href='?page_no=18938'>Previous<\/a>\n\t<\/li>\n\n\n       \n    \n\n<li><a href='?page_no=1'>1<\/a><\/li>\n\n\n\n<li><a href='?page_no=2'>2<\/a><\/li>\n\n\n\n<li><a>...<\/a><\/li>\n\n\n\n<li><a href='?page_no=18937'>18937<\/a><\/li>\n\n\n\n<li><a href='?page_no=18938'>18938<\/a><\/li>\n\n\n\n<li class='active'><a>18939<\/a><\/li>\n\n\n\n<li><a href='?page_no=18940'>18940<\/a><\/li>\n\n\n\n<li><a href='?page_no=18941'>18941<\/a><\/li>\n\n\n\n<li><a>...<\/a><\/li>\n\n\n\n<li><a href='?page_no=51012'>51012<\/a><\/li>\n\n\n\n<li><a href='?page_no=51013'>51013<\/a><\/li>\n\n    \n\t\n\n<li >\n\t<a href='?page_no=18940'>Next<\/a>\n\t<\/li>\n\n\n    \n\n<li><a href='?page_no=51013'>Last &rsaquo;&rsaquo;<\/a><\/li>\n\n<\/ul>\n\n\n--><br \/>\n<\/body><\/p>\n","protected":false},"excerpt":{"rendered":"<p>AFP \/ Ozan Kose Un hombre vende banderas de Turqu\u00eda en la avenida Istiklal de Estambul este jueves 21 de julio Turqu\u00eda suspender\u00e1 la Convenci\u00f3n Europea de Derechos Humanos durante la vigencia del estado de emergencia, previsto tras el intento de golpe de Estado militar, anunci\u00f3 este viernes el viceprimer ministro turco, Numan Kurtulmus. \u00abTurqu\u00eda [&hellip;]<\/p>\n","protected":false},"author":3,"featured_media":0,"comment_status":"open","ping_status":"open","sticky":false,"template":"","format":"standard","meta":{"footnotes":""},"categories":[23],"tags":[],"class_list":["post-249294","post","type-post","status-publish","format-standard","hentry","category-internacional"],"_links":{"self":[{"href":"https:\/\/diariodominicano.com\/index.php?rest_route=\/wp\/v2\/posts\/249294","targetHints":{"allow":["GET"]}}],"collection":[{"href":"https:\/\/diariodominicano.com\/index.php?rest_route=\/wp\/v2\/posts"}],"about":[{"href":"https:\/\/diariodominicano.com\/index.php?rest_route=\/wp\/v2\/types\/post"}],"author":[{"embeddable":true,"href":"https:\/\/diariodominicano.com\/index.php?rest_route=\/wp\/v2\/users\/3"}],"replies":[{"embeddable":true,"href":"https:\/\/diariodominicano.com\/index.php?rest_route=%2Fwp%2Fv2%2Fcomments&post=249294"}],"version-history":[{"count":0,"href":"https:\/\/diariodominicano.com\/index.php?rest_route=\/wp\/v2\/posts\/249294\/revisions"}],"wp:attachment":[{"href":"https:\/\/diariodominicano.com\/index.php?rest_route=%2Fwp%2Fv2%2Fmedia&parent=249294"}],"wp:term":[{"taxonomy":"category","embeddable":true,"href":"https:\/\/diariodominicano.com\/index.php?rest_route=%2Fwp%2Fv2%2Fcategories&post=249294"},{"taxonomy":"post_tag","embeddable":true,"href":"https:\/\/diariodominicano.com\/index.php?rest_route=%2Fwp%2Fv2%2Ftags&post=249294"}],"curies":[{"name":"wp","href":"https:\/\/api.w.org\/{rel}","templated":true}]}}