{"id":249293,"date":"2016-07-21T15:20:31","date_gmt":"2016-07-21T15:20:31","guid":{"rendered":"http:\/\/diariodominicano.ddns.net\/?p=249293"},"modified":"2016-07-21T15:20:31","modified_gmt":"2016-07-21T15:20:31","slug":"continua-gestion-de-mediadores-a-favor-del-dialogo-en-venezuelacontinua-gestion-de-mediadores-a-favor-del-dialogo-en-venezuela","status":"publish","type":"post","link":"https:\/\/diariodominicano.com\/?p=249293","title":{"rendered":"&#13;&#13;Contin\u00faa gesti\u00f3n de mediadores a favor del di\u00e1logo en Venezuela&#13;&#13;&#13;Contin\u00faa gesti\u00f3n de mediadores a favor del di\u00e1logo en Venezuela"},"content":{"rendered":"<p><body><\/p>\n<p><img decoding=\"async\" src=\"img3\/ven-zapatero.jpg\" \/>  <\/p>\n<p><span class=\"text1noticias\">\t <\/span><\/p>\n<p><span class=\"text1noticias\"><strong>  <\/strong><\/span><\/p>\n<p><span class=\"text1noticias\"><strong>Caracas, 21 jul (PL) <\/strong>El exjefe del gobierno espa\u00f1ol Jos\u00e9 Luis Rodr\u00edguez Zapatero y el expresidente de Panam\u00e1 Mart\u00edn Torrijos contin\u00faan hoy aqu\u00ed sus gestiones como mediadores para iniciar un di\u00e1logo pol\u00edtico entre el Gobierno y la oposici\u00f3n de Venezuela.<\/span><\/p>\n<\/p>\n<p><span class=\"text1noticias\">Invitados por la Uni\u00f3n de Naciones Suramericanas, los mediadores iniciaron la v\u00edspera el segundo per\u00edodo de trabajo en la naci\u00f3n, luego de reunirse indistintamente, entre el 8 y 15 de julio, con el presidente venezolano Nicol\u00e1s Maduro y dirigentes de la Mesa de la Unidad Democr\u00e1tica (MUD, coalici\u00f3n de partidos opositores).<\/span><\/p>\n<\/p>\n<p><span class=\"text1noticias\">La comisi\u00f3n mediadora, integrada asimismo por el exjefe de Estado de Rep\u00fablica Dominicana Leonel Fern\u00e1ndez, tambi\u00e9n cuenta con el apoyo de la Uni\u00f3n Europea y ha merecido, a partes iguales, elogios de Maduro y otros dirigentes del Partidos Socialista Unido de Venezuela, y ataques de l\u00edderes de la derecha.<\/span><\/p>\n<\/p>\n<p><span class=\"text1noticias\">Durante la visita anterior, la delegaci\u00f3n intent\u00f3 fijar el 12 de julio como fecha para establecer la mesa de negociaciones, pero su labor conciliadora no progres\u00f3 hasta ese punto, debido a las pretensiones de la MUD.<\/span><\/p>\n<\/p>\n<p><span class=\"text1noticias\">Mientras en reiteradas ocasiones el mandatario venezolano convoc\u00f3 y se mostr\u00f3 dispuesto al di\u00e1logo pol\u00edtico en un contexto de paz y sin condiciones, el presidente de la Asamblea Nacional (de mayor\u00eda opositora), Henry Ramos Allup, y el gobernador del estado Miranda, Henrique Capriles, principales dirigentes de la oposici\u00f3n, se negaron si al menos no se cumpl\u00edan cinco exigencias.<\/span><\/p>\n<\/p>\n<p><span class=\"text1noticias\">Entre sus condiciones, destaca liberar a l\u00edderes que consideran presos pol\u00edticos, en primer t\u00e9rmino a Leopoldo L\u00f3pez, principal figura del beligerante partido Voluntad Popular, condenado por encabezar la revuelta que en 2014 dej\u00f3 43 muertos y m\u00e1s de 400 heridos.<\/span><\/p>\n<\/p>\n<p><span class=\"text1noticias\">Por otra parte, exigen la activaci\u00f3n del referendo revocatorio contra Maduro este 2016, rechazan a Rep\u00fablica Dominicana como sede del encuentro y solicitan la mediaci\u00f3n de pol\u00edticos avalados por otras organizaciones internacionales y de la Iglesia Cat\u00f3lica.<\/span><\/p>\n<\/p>\n<p><span class=\"text1noticias\">La direcci\u00f3n gubernamental venezolana se niega a liberar a L\u00f3pez, toda vez que se trata de un pol\u00edtico encausado por incitaci\u00f3n a la violencia y otros delitos, protagonista de un plan sedicioso llamado La Salida, que dur\u00f3 varios meses y tambi\u00e9n cost\u00f3 cuantiosas p\u00e9rdidas materiales.<\/span><\/p>\n<\/p>\n<p><span class=\"text1noticias\">Respecto al revocatorio, la canciller venezolana, Delcy Rodr\u00edguez, declar\u00f3 en rueda de prensa que el Gobierno Bolivariano no ceder\u00e1 ante presiones ni amenazas.<\/span><\/p>\n<\/p>\n<p><span class=\"text1noticias\">Adem\u00e1s, reiter\u00f3 que el referendo es imposible activarlo antes del fin de 2016, porque la propia oposici\u00f3n, primero, incumpli\u00f3 los tiempos y t\u00e9rminos legales para solicitarlo, y, segundo, la lista de firmas recabadas por la MUD present\u00f3 fraudes e irregularidades, por las cuales ha sido impugnada legalmente.<\/span><\/p>\n<h6> 2016-07-21 15:20:31 <\/h6>\n<p><!--\n<link rel=\"stylesheet\" href=\"css\/bootstrap.min.css\">\n\n\n<ul class=\"pagination\">\n\t    \n\t\n\n<li >\n\t<a href='?page_no=18937'>Previous<\/a>\n\t<\/li>\n\n\n       \n    \n\n<li><a href='?page_no=1'>1<\/a><\/li>\n\n\n\n<li><a href='?page_no=2'>2<\/a><\/li>\n\n\n\n<li><a>...<\/a><\/li>\n\n\n\n<li><a href='?page_no=18936'>18936<\/a><\/li>\n\n\n\n<li><a href='?page_no=18937'>18937<\/a><\/li>\n\n\n\n<li class='active'><a>18938<\/a><\/li>\n\n\n\n<li><a href='?page_no=18939'>18939<\/a><\/li>\n\n\n\n<li><a href='?page_no=18940'>18940<\/a><\/li>\n\n\n\n<li><a>...<\/a><\/li>\n\n\n\n<li><a href='?page_no=51012'>51012<\/a><\/li>\n\n\n\n<li><a href='?page_no=51013'>51013<\/a><\/li>\n\n    \n\t\n\n<li >\n\t<a href='?page_no=18939'>Next<\/a>\n\t<\/li>\n\n\n    \n\n<li><a href='?page_no=51013'>Last &rsaquo;&rsaquo;<\/a><\/li>\n\n<\/ul>\n\n\n--><br \/>\n<\/body><\/p>\n","protected":false},"excerpt":{"rendered":"<p>Caracas, 21 jul (PL) El exjefe del gobierno espa\u00f1ol Jos\u00e9 Luis Rodr\u00edguez Zapatero y el expresidente de Panam\u00e1 Mart\u00edn Torrijos contin\u00faan hoy aqu\u00ed sus gestiones como mediadores para iniciar un di\u00e1logo pol\u00edtico entre el Gobierno y la oposici\u00f3n de Venezuela. Invitados por la Uni\u00f3n de Naciones Suramericanas, los mediadores iniciaron la v\u00edspera el segundo per\u00edodo [&hellip;]<\/p>\n","protected":false},"author":3,"featured_media":0,"comment_status":"open","ping_status":"open","sticky":false,"template":"","format":"standard","meta":{"footnotes":""},"categories":[23],"tags":[],"class_list":["post-249293","post","type-post","status-publish","format-standard","hentry","category-internacional"],"_links":{"self":[{"href":"https:\/\/diariodominicano.com\/index.php?rest_route=\/wp\/v2\/posts\/249293","targetHints":{"allow":["GET"]}}],"collection":[{"href":"https:\/\/diariodominicano.com\/index.php?rest_route=\/wp\/v2\/posts"}],"about":[{"href":"https:\/\/diariodominicano.com\/index.php?rest_route=\/wp\/v2\/types\/post"}],"author":[{"embeddable":true,"href":"https:\/\/diariodominicano.com\/index.php?rest_route=\/wp\/v2\/users\/3"}],"replies":[{"embeddable":true,"href":"https:\/\/diariodominicano.com\/index.php?rest_route=%2Fwp%2Fv2%2Fcomments&post=249293"}],"version-history":[{"count":0,"href":"https:\/\/diariodominicano.com\/index.php?rest_route=\/wp\/v2\/posts\/249293\/revisions"}],"wp:attachment":[{"href":"https:\/\/diariodominicano.com\/index.php?rest_route=%2Fwp%2Fv2%2Fmedia&parent=249293"}],"wp:term":[{"taxonomy":"category","embeddable":true,"href":"https:\/\/diariodominicano.com\/index.php?rest_route=%2Fwp%2Fv2%2Fcategories&post=249293"},{"taxonomy":"post_tag","embeddable":true,"href":"https:\/\/diariodominicano.com\/index.php?rest_route=%2Fwp%2Fv2%2Ftags&post=249293"}],"curies":[{"name":"wp","href":"https:\/\/api.w.org\/{rel}","templated":true}]}}