{"id":249291,"date":"2016-07-21T15:29:53","date_gmt":"2016-07-21T15:29:53","guid":{"rendered":"http:\/\/diariodominicano.ddns.net\/?p=249291"},"modified":"2016-07-21T15:29:53","modified_gmt":"2016-07-21T15:29:53","slug":"pena-nieto-a-washington-para-reunion-con-obama","status":"publish","type":"post","link":"https:\/\/diariodominicano.com\/?p=249291","title":{"rendered":"&#13;&#13;Pe\u00f1a Nieto a Washington para reuni\u00f3n con Obama"},"content":{"rendered":"<p><body><\/p>\n<\/p>\n<p>M\u00e9xico, 21 jul (PL) El presidente de M\u00e9xico, Enrique Pe\u00f1a Nieto, inicia hoy una visita oficial a Estados Unidos, invitado por su hom\u00f3logo Barack Obama, anunci\u00f3 la canciller Claudia Ruiz Massieu.<\/p>\n<\/p>\n<p>Pe\u00f1a Nieto estar\u00e1 hasta el 22 de julio en Washington, donde abordar\u00e1 con Obama temas como cambio clim\u00e1tico, energ\u00eda, cooperaci\u00f3n regional y asuntos fronterizos.<\/p>\n<\/p>\n<p>Es el segundo encuentro entre ambos mandatarios en menos de un mes y servir\u00e1 para dar seguimiento a los acuerdos alcanzados en la reuni\u00f3n bilateral sostenida el 29 de junio en el marco de la Cumbre de L\u00edderes de Am\u00e9rica del Norte.<\/p>\n<\/p>\n<p>La delegaci\u00f3n mexicana estar\u00e1 integrada adem\u00e1s por la canciller, los secretarios de Hacienda y Econom\u00eda y la Procuradura General de la Rep\u00fablica, entre otros funcionarios.<\/p>\n<h6> 2016-07-21 15:29:53 <\/h6>\n<p><!--\n<link rel=\"stylesheet\" href=\"css\/bootstrap.min.css\">\n\n\n<ul class=\"pagination\">\n\t    \n\t\n\n<li >\n\t<a href='?page_no=18935'>Previous<\/a>\n\t<\/li>\n\n\n       \n    \n\n<li><a href='?page_no=1'>1<\/a><\/li>\n\n\n\n<li><a href='?page_no=2'>2<\/a><\/li>\n\n\n\n<li><a>...<\/a><\/li>\n\n\n\n<li><a href='?page_no=18934'>18934<\/a><\/li>\n\n\n\n<li><a href='?page_no=18935'>18935<\/a><\/li>\n\n\n\n<li class='active'><a>18936<\/a><\/li>\n\n\n\n<li><a href='?page_no=18937'>18937<\/a><\/li>\n\n\n\n<li><a href='?page_no=18938'>18938<\/a><\/li>\n\n\n\n<li><a>...<\/a><\/li>\n\n\n\n<li><a href='?page_no=51012'>51012<\/a><\/li>\n\n\n\n<li><a href='?page_no=51013'>51013<\/a><\/li>\n\n    \n\t\n\n<li >\n\t<a href='?page_no=18937'>Next<\/a>\n\t<\/li>\n\n\n    \n\n<li><a href='?page_no=51013'>Last &rsaquo;&rsaquo;<\/a><\/li>\n\n<\/ul>\n\n\n--><br \/>\n<\/body><\/p>\n","protected":false},"excerpt":{"rendered":"<p>M\u00e9xico, 21 jul (PL) El presidente de M\u00e9xico, Enrique Pe\u00f1a Nieto, inicia hoy una visita oficial a Estados Unidos, invitado por su hom\u00f3logo Barack Obama, anunci\u00f3 la canciller Claudia Ruiz Massieu. Pe\u00f1a Nieto estar\u00e1 hasta el 22 de julio en Washington, donde abordar\u00e1 con Obama temas como cambio clim\u00e1tico, energ\u00eda, cooperaci\u00f3n regional y asuntos fronterizos. [&hellip;]<\/p>\n","protected":false},"author":3,"featured_media":0,"comment_status":"open","ping_status":"open","sticky":false,"template":"","format":"standard","meta":{"footnotes":""},"categories":[23],"tags":[],"class_list":["post-249291","post","type-post","status-publish","format-standard","hentry","category-internacional"],"_links":{"self":[{"href":"https:\/\/diariodominicano.com\/index.php?rest_route=\/wp\/v2\/posts\/249291","targetHints":{"allow":["GET"]}}],"collection":[{"href":"https:\/\/diariodominicano.com\/index.php?rest_route=\/wp\/v2\/posts"}],"about":[{"href":"https:\/\/diariodominicano.com\/index.php?rest_route=\/wp\/v2\/types\/post"}],"author":[{"embeddable":true,"href":"https:\/\/diariodominicano.com\/index.php?rest_route=\/wp\/v2\/users\/3"}],"replies":[{"embeddable":true,"href":"https:\/\/diariodominicano.com\/index.php?rest_route=%2Fwp%2Fv2%2Fcomments&post=249291"}],"version-history":[{"count":0,"href":"https:\/\/diariodominicano.com\/index.php?rest_route=\/wp\/v2\/posts\/249291\/revisions"}],"wp:attachment":[{"href":"https:\/\/diariodominicano.com\/index.php?rest_route=%2Fwp%2Fv2%2Fmedia&parent=249291"}],"wp:term":[{"taxonomy":"category","embeddable":true,"href":"https:\/\/diariodominicano.com\/index.php?rest_route=%2Fwp%2Fv2%2Fcategories&post=249291"},{"taxonomy":"post_tag","embeddable":true,"href":"https:\/\/diariodominicano.com\/index.php?rest_route=%2Fwp%2Fv2%2Ftags&post=249291"}],"curies":[{"name":"wp","href":"https:\/\/api.w.org\/{rel}","templated":true}]}}