{"id":249290,"date":"2016-07-21T15:35:28","date_gmt":"2016-07-21T15:35:28","guid":{"rendered":"http:\/\/diariodominicano.ddns.net\/?p=249290"},"modified":"2016-07-21T15:35:28","modified_gmt":"2016-07-21T15:35:28","slug":"iraq-cree-necesario-aparejar-exitos-frente-al-ei-a-clima-de-seguridad","status":"publish","type":"post","link":"https:\/\/diariodominicano.com\/?p=249290","title":{"rendered":"&#13;Iraq cree necesario aparejar \u00e9xitos frente al EI a clima de seguridad"},"content":{"rendered":"<p><body><\/p>\n<p><span class=\"text1noticias\"> <\/span><\/p>\n<\/p>\n<p><span class=\"text1noticias\">Bagdad, 21 jul (PL) El ministro de Defensa de Iraq, Khaled Al-Obeidi, se pronunci\u00f3 por aparejar la situaci\u00f3n de seguridad en el pa\u00eds con los \u00e9xitos en el terreno militar frente al Estado Isl\u00e1mico (EI), destacaron hoy fuentes oficiales.<\/span><\/p>\n<\/p>\n<p><span class=\"text1noticias\">Medios televisivos y redes sociales se hicieron eco de comentarios del titular iraqu\u00ed, quien se\u00f1al\u00f3 que menos del 10 por ciento del territorio nacional permanece en manos terroristas, pero los avances en el campo de batalla no han ido unidos a una mejor seguridad dentro del pa\u00eds.<\/span><\/p>\n<\/p>\n<p><span class=\"text1noticias\">Al-Obeidi, que asiste en Estados Unidos a una reuni\u00f3n de ministros de Defensa de los pa\u00edses miembros de la coalici\u00f3n internacional contra el EI que encabeza Washington, recab\u00f3 m\u00e1s cooperaci\u00f3n del Pent\u00e1gono y otros estados aliados para precipitar la derrota definitiva de los islamistas.<\/span><\/p>\n<\/p>\n<p><span class=\"text1noticias\">Iraq intensifica en estos momentos una campa\u00f1a para recuperar Mosul, la segunda ciudad de Iraq convertida en capital de facto del DAESH, acr\u00f3nimo \u00e1rabe de EI, tras la reconquista el mes pasado de Fallujah, en la provincia oeste de Al-Anbar, record\u00f3.<\/span><\/p>\n<\/p>\n<p><span class=\"text1noticias\">Seg\u00fan el ministro de Defensa, el DAESH en su mejor momento lleg\u00f3 a dominar entre el 30 y el 40 por ciento de la superficie del pa\u00eds, y el territorio que controla ahora se redujo dr\u00e1sticamente, pero a\u00fan tiene capacidad para infligir da\u00f1os de consideraci\u00f3n en poblados y ciudades.<\/span><\/p>\n<\/p>\n<p><span class=\"text1noticias\">Apenas d\u00edas despu\u00e9s del triunfo en Fallujah en junio, el EI perpetr\u00f3 en el distrito mayoritariamente chiita de Al-Karrada, en Bagdad, el atentado suicida con bombas m\u00e1s letal desde la invasi\u00f3n militar norteamericana de 2003, al causar 292 muertos y m\u00e1s de 250 heridos.<\/span><\/p>\n<\/p>\n<p><span class=\"text1noticias\">Desde entonces se repitieron acciones terroristas similares que dejaron un saldo de al menos medio centenar de v\u00edctimas fatales, reconoci\u00f3 Al-Obeidi en valoraciones reproducidas por c\u00edrculos period\u00edsticos locales.<\/span><\/p>\n<\/p>\n<p><span class=\"text1noticias\">Para el funcionario \u00e1rabe, la pretensi\u00f3n de recuperar Mosul, capital de la demarcaci\u00f3n norte\u00f1a de N\u00ednive, cobr\u00f3 \u00edmpetu tras la victoria en Fallujah y la toma de una base a\u00e9rea en el norte, pero se necesita apoyo con bombardeos a\u00e9reos, log\u00edstico, de inteligencia e ingeniero.<\/span><\/p>\n<\/p>\n<p><span class=\"text1noticias\">Sobre los sectores que apoyan al gobierno en la ofensiva antiterrorista, el ministro afirm\u00f3 que Iraq necesita la ayuda de sus aliados para garantizar fronteras y ciudades, pero que la participaci\u00f3n de voluntarios chiitas de la Movilizaci\u00f3n Popular (MP), se determinar\u00e1 en virtud de planes militares.<\/span><\/p>\n<\/p>\n<p><span class=\"text1noticias\">El gobierno del primer ministro iraqu\u00ed, Haider Al-Abadi, defiende el rol de esas milicias chiitas asistidas por asesores iran\u00edes, y se comprometi\u00f3 a investigar y castigar supuestas violaciones y abusos sectarios contra residentes en localidades sunitas reci\u00e9n liberadas.<\/span><\/p>\n<\/p>\n<p><span class=\"text1noticias\">Mosul y los poblados que le rodean est\u00e1n habitados por diversos grupos \u00e9tnicos y religiosos muy pr\u00f3ximos a Turqu\u00eda, Siria y la regi\u00f3n aut\u00f3noma del Kurdist\u00e1n iraqu\u00ed, lo que torna muy sensible el tema confesional y con frecuencia exacerba tensiones entre esas comunidades.<\/span><\/p>\n<h6> 2016-07-21 15:35:28 <\/h6>\n<p><!--\n<link rel=\"stylesheet\" href=\"css\/bootstrap.min.css\">\n\n\n<ul class=\"pagination\">\n\t    \n\t\n\n<li >\n\t<a href='?page_no=18934'>Previous<\/a>\n\t<\/li>\n\n\n       \n    \n\n<li><a href='?page_no=1'>1<\/a><\/li>\n\n\n\n<li><a href='?page_no=2'>2<\/a><\/li>\n\n\n\n<li><a>...<\/a><\/li>\n\n\n\n<li><a href='?page_no=18933'>18933<\/a><\/li>\n\n\n\n<li><a href='?page_no=18934'>18934<\/a><\/li>\n\n\n\n<li class='active'><a>18935<\/a><\/li>\n\n\n\n<li><a href='?page_no=18936'>18936<\/a><\/li>\n\n\n\n<li><a href='?page_no=18937'>18937<\/a><\/li>\n\n\n\n<li><a>...<\/a><\/li>\n\n\n\n<li><a href='?page_no=51012'>51012<\/a><\/li>\n\n\n\n<li><a href='?page_no=51013'>51013<\/a><\/li>\n\n    \n\t\n\n<li >\n\t<a href='?page_no=18936'>Next<\/a>\n\t<\/li>\n\n\n    \n\n<li><a href='?page_no=51013'>Last &rsaquo;&rsaquo;<\/a><\/li>\n\n<\/ul>\n\n\n--><br \/>\n<\/body><\/p>\n","protected":false},"excerpt":{"rendered":"<p>Bagdad, 21 jul (PL) El ministro de Defensa de Iraq, Khaled Al-Obeidi, se pronunci\u00f3 por aparejar la situaci\u00f3n de seguridad en el pa\u00eds con los \u00e9xitos en el terreno militar frente al Estado Isl\u00e1mico (EI), destacaron hoy fuentes oficiales. Medios televisivos y redes sociales se hicieron eco de comentarios del titular iraqu\u00ed, quien se\u00f1al\u00f3 que [&hellip;]<\/p>\n","protected":false},"author":3,"featured_media":0,"comment_status":"open","ping_status":"open","sticky":false,"template":"","format":"standard","meta":{"footnotes":""},"categories":[23],"tags":[],"class_list":["post-249290","post","type-post","status-publish","format-standard","hentry","category-internacional"],"_links":{"self":[{"href":"https:\/\/diariodominicano.com\/index.php?rest_route=\/wp\/v2\/posts\/249290","targetHints":{"allow":["GET"]}}],"collection":[{"href":"https:\/\/diariodominicano.com\/index.php?rest_route=\/wp\/v2\/posts"}],"about":[{"href":"https:\/\/diariodominicano.com\/index.php?rest_route=\/wp\/v2\/types\/post"}],"author":[{"embeddable":true,"href":"https:\/\/diariodominicano.com\/index.php?rest_route=\/wp\/v2\/users\/3"}],"replies":[{"embeddable":true,"href":"https:\/\/diariodominicano.com\/index.php?rest_route=%2Fwp%2Fv2%2Fcomments&post=249290"}],"version-history":[{"count":0,"href":"https:\/\/diariodominicano.com\/index.php?rest_route=\/wp\/v2\/posts\/249290\/revisions"}],"wp:attachment":[{"href":"https:\/\/diariodominicano.com\/index.php?rest_route=%2Fwp%2Fv2%2Fmedia&parent=249290"}],"wp:term":[{"taxonomy":"category","embeddable":true,"href":"https:\/\/diariodominicano.com\/index.php?rest_route=%2Fwp%2Fv2%2Fcategories&post=249290"},{"taxonomy":"post_tag","embeddable":true,"href":"https:\/\/diariodominicano.com\/index.php?rest_route=%2Fwp%2Fv2%2Ftags&post=249290"}],"curies":[{"name":"wp","href":"https:\/\/api.w.org\/{rel}","templated":true}]}}