{"id":249289,"date":"2016-07-21T16:42:44","date_gmt":"2016-07-21T16:42:44","guid":{"rendered":"http:\/\/diariodominicano.ddns.net\/?p=249289"},"modified":"2016-07-21T16:42:44","modified_gmt":"2016-07-21T16:42:44","slug":"el-autor-del-ataque-de-niza-conto-con-apoyos-y-complicidades-dice-el-fiscal","status":"publish","type":"post","link":"https:\/\/diariodominicano.com\/?p=249289","title":{"rendered":"El autor del ataque de Niza cont\u00f3 con \u00abapoyos y complicidades\u00bb, dice el fiscal"},"content":{"rendered":"<p><body><\/p>\n<p><img decoding=\"async\" src=\"img3\/a7eb076922df661f4b27672a9a47d2ae64fb9c25.jpg\" \/>  <\/p>\n<\/p>\n<p><strong>AFP \/ Fran\u00e7ois Guillot<\/strong><\/p>\n<p><strong>El fiscal de Par\u00eds, Fran\u00e7ois Molins, habla en una rueda de prensa sobre el ataque en Niza, Francia, el 21 de julio de 2016 en la capital gala<\/strong><\/p>\n<p>El autor del atentado de Niza el 14 de julio, el tunecino Mohamed Lahouaiej Bouhlel, cont\u00f3 con \u00abapoyos y complicidades\u00bb, anunci\u00f3 este jueves en Par\u00eds el fiscal a cargo de la investigaci\u00f3n, Fran\u00e7ois Molins.<\/p>\n<p>El autor del ataque, que dej\u00f3 84 muertos, al parecer lo hab\u00eda planeado \u00abvarios meses antes\u00bb del 14 de julio, d\u00eda de la fiesta nacional francesa, precis\u00f3 en declaraciones a la prensa.<\/p>\n<p>El fiscal afirm\u00f3 tambi\u00e9n que la investigaci\u00f3n, en la que participan \u00abm\u00e1s de 400\u00bb personas, ha avanzado \u00abnotablemente\u00bb.<\/p>\n<p>Las investigaciones \u00abhan permitido no s\u00f3lo confirmar a\u00fan m\u00e1s el car\u00e1cter premeditado de la acci\u00f3n mortal de Mohamed Lahouaiej Bouhlel, sino tambi\u00e9n establecer que este \u00faltimo pudo beneficiarse de apoyos y complicidades en la preparaci\u00f3n y en la comisi\u00f3n de su acto criminal\u00bb, declar\u00f3 Molins.<\/p>\n<p>Dos franco-tunecinos, un tunecino, un alban\u00e9s y una franco-albanesa, de entre 21 y 42 a\u00f1os, fueron presentados ante la justicia acusados de asociaci\u00f3n terrorista de malhechores y asesinatos. \u00abNo estaban fichados por los servicios de informaci\u00f3n\u00bb, precis\u00f3 Molins.<\/p>\n<p>A partir del an\u00e1lisis del tel\u00e9fono m\u00f3vil del atacante, que revel\u00f3 muchos contactos entre ellos, los sospechosos pudieron ser detenidos, indic\u00f3 el fiscal, a\u00f1adiendo que el v\u00ednculo entre Lahouaiej Bouhlel y ellos pudo ser establecido tambi\u00e9n gracias a los elementos hallados en el cami\u00f3n y en las armas.<\/p>\n<p>Las huellas dactilares de uno de los sospechosos fueron halladas en la puerta del pasajero del cami\u00f3n de 19 toneladas, con el que Mohamed Lahouaiej Bouhlel arroll\u00f3 y mat\u00f3 a 84 personas el 14 de julio de Niza, dejando tambi\u00e9n m\u00e1s de 350 heridos.<\/p>\n<p>El pron\u00f3stico vital de 15 de ellos sigue siendo \u00abcomprometido\u00bb, indic\u00f3 Molins.<\/p>\n<p>Lahouaiej Bouhlel parece que plane\u00f3 el ataque \u00abvarios meses antes\u00bb, seg\u00fan el fiscal. Tambi\u00e9n aparecieron nuevas im\u00e1genes \u00abreveladoras\u00bb en el tel\u00e9fono m\u00f3vil del atacante, entre ellas una foto de un concierto en el paseo de los Ingleses de Niza y una foto de un art\u00edculo sobre el &#8216;captag\u00f3n&#8217;, una famosa droga utilizada por los yihadistas responsables de atentados terroristas.<\/p>\n<h6> 2016-07-21 16:42:44 <\/h6>\n<p><!--\n<link rel=\"stylesheet\" href=\"css\/bootstrap.min.css\">\n\n\n<ul class=\"pagination\">\n\t    \n\t\n\n<li >\n\t<a href='?page_no=18933'>Previous<\/a>\n\t<\/li>\n\n\n       \n    \n\n<li><a href='?page_no=1'>1<\/a><\/li>\n\n\n\n<li><a href='?page_no=2'>2<\/a><\/li>\n\n\n\n<li><a>...<\/a><\/li>\n\n\n\n<li><a href='?page_no=18932'>18932<\/a><\/li>\n\n\n\n<li><a href='?page_no=18933'>18933<\/a><\/li>\n\n\n\n<li class='active'><a>18934<\/a><\/li>\n\n\n\n<li><a href='?page_no=18935'>18935<\/a><\/li>\n\n\n\n<li><a href='?page_no=18936'>18936<\/a><\/li>\n\n\n\n<li><a>...<\/a><\/li>\n\n\n\n<li><a href='?page_no=51012'>51012<\/a><\/li>\n\n\n\n<li><a href='?page_no=51013'>51013<\/a><\/li>\n\n    \n\t\n\n<li >\n\t<a href='?page_no=18935'>Next<\/a>\n\t<\/li>\n\n\n    \n\n<li><a href='?page_no=51013'>Last &rsaquo;&rsaquo;<\/a><\/li>\n\n<\/ul>\n\n\n--><br \/>\n<\/body><\/p>\n","protected":false},"excerpt":{"rendered":"<p>AFP \/ Fran\u00e7ois Guillot El fiscal de Par\u00eds, Fran\u00e7ois Molins, habla en una rueda de prensa sobre el ataque en Niza, Francia, el 21 de julio de 2016 en la capital gala El autor del atentado de Niza el 14 de julio, el tunecino Mohamed Lahouaiej Bouhlel, cont\u00f3 con \u00abapoyos y complicidades\u00bb, anunci\u00f3 este jueves [&hellip;]<\/p>\n","protected":false},"author":3,"featured_media":0,"comment_status":"open","ping_status":"open","sticky":false,"template":"","format":"standard","meta":{"footnotes":""},"categories":[23],"tags":[],"class_list":["post-249289","post","type-post","status-publish","format-standard","hentry","category-internacional"],"_links":{"self":[{"href":"https:\/\/diariodominicano.com\/index.php?rest_route=\/wp\/v2\/posts\/249289","targetHints":{"allow":["GET"]}}],"collection":[{"href":"https:\/\/diariodominicano.com\/index.php?rest_route=\/wp\/v2\/posts"}],"about":[{"href":"https:\/\/diariodominicano.com\/index.php?rest_route=\/wp\/v2\/types\/post"}],"author":[{"embeddable":true,"href":"https:\/\/diariodominicano.com\/index.php?rest_route=\/wp\/v2\/users\/3"}],"replies":[{"embeddable":true,"href":"https:\/\/diariodominicano.com\/index.php?rest_route=%2Fwp%2Fv2%2Fcomments&post=249289"}],"version-history":[{"count":0,"href":"https:\/\/diariodominicano.com\/index.php?rest_route=\/wp\/v2\/posts\/249289\/revisions"}],"wp:attachment":[{"href":"https:\/\/diariodominicano.com\/index.php?rest_route=%2Fwp%2Fv2%2Fmedia&parent=249289"}],"wp:term":[{"taxonomy":"category","embeddable":true,"href":"https:\/\/diariodominicano.com\/index.php?rest_route=%2Fwp%2Fv2%2Fcategories&post=249289"},{"taxonomy":"post_tag","embeddable":true,"href":"https:\/\/diariodominicano.com\/index.php?rest_route=%2Fwp%2Fv2%2Ftags&post=249289"}],"curies":[{"name":"wp","href":"https:\/\/api.w.org\/{rel}","templated":true}]}}