{"id":249288,"date":"2016-07-21T18:15:41","date_gmt":"2016-07-21T18:15:41","guid":{"rendered":"http:\/\/diariodominicano.ddns.net\/?p=249288"},"modified":"2016-07-21T18:15:41","modified_gmt":"2016-07-21T18:15:41","slug":"hollande-acepta-dar-tiempo-al-reino-unido-para-preparar-el-brexit","status":"publish","type":"post","link":"https:\/\/diariodominicano.com\/?p=249288","title":{"rendered":"Hollande acepta dar tiempo al Reino Unido para preparar el Brexit"},"content":{"rendered":"<p><body><\/p>\n<p><img decoding=\"async\" src=\"img3\/325f05a249f7761c900334b42060ca5d91e85043.jpg\" \/><br \/><img decoding=\"async\" src=\"img3\/bb8a63ce49456c852e10d22a219d0232681b88a7.jpg\" \/><br \/><img decoding=\"async\" src=\"img3\/10af005cc401fc09d6ebfcbc12f69fe26300d492.jpg\" \/>  <\/p>\n<\/p>\n<p><strong>AFP \/ St\u00e9phane de Sakutin<\/strong><\/p>\n<p><strong>El presidente franc\u00e9s Francois Hollande le da la bienvenida la la primer ministra brit\u00e1nica Theresa May el 21 julio de 2016 en Par\u00eds<\/strong><\/p>\n<p><strong>El presidente franc\u00e9s Fran\u00e7ois Hollande acept\u00f3 este jueves, en l\u00ednea con Berl\u00edn, dar tiempo a Reino Unido antes de que el pa\u00eds<\/strong> notifique su salida de la Uni\u00f3n Europea, pese a que sigue pensando que \u00abcuando antes ocurra, mejor\u00bb.<\/p>\n<p>\u00abNo puede haber una prenegociaci\u00f3n antes de la negociaci\u00f3n. Pero puede haber una preparaci\u00f3n de esa negociaci\u00f3n\u00bb, admiti\u00f3 Holande en una rueda de prensa com\u00fan en Par\u00eds con la nueva primera ministra brit\u00e1nica, Theresa May. \u00abPero lo repito, cuanto antes, mejor, por el inter\u00e9s com\u00fan, de Europa, de Reino Unido, de nuestras respectivas econom\u00edas\u00bb, insisti\u00f3.<\/p>\n<p>Durante el d\u00eda, el presidente franc\u00e9s hab\u00eda urgido a iniciar \u00abr\u00e1pidamente\u00bb las negociaciones, frente a la canciller Angela Merkel, que hab\u00eda mostrado una posici\u00f3n m\u00e1s flexible el d\u00eda anterior.<\/p>\n<p>\u00abEst\u00e1 en el inter\u00e9s de todos que Reino Unido solicite la salida cuando tenga una posici\u00f3n de negociaci\u00f3n bien definida\u00bb, dijo Merkel tras una reuni\u00f3n con su nueva hom\u00f3loga brit\u00e1nica.<\/p>\n<\/p>\n<p>AFP \/ Tobias Schwarz<\/p>\n<p>La primera ministra brit\u00e1nica, Theresa May, durante una rueda de prensa en Berl\u00edn junto a la canciller alemana, Angela Merkel, el 20 de julio de 2016<\/p>\n<p>Durante la primera aparici\u00f3n com\u00fan ante la prensa, Hollande y May hicieron gala de gran amabilidad el uno con el otro. En su antigua funci\u00f3n de ministra del Interior, la dirigente brit\u00e1nica hab\u00eda trabajado bien con sus interlocutores franceses en \u00abcuestiones muy dif\u00edciles\u00bb, como el terrorismo o los flujos migratorios, se\u00f1al\u00f3 Hollande.<\/p>\n<p>Francia y Reino Unido mantuvieron discusiones \u00abmuy constructivas\u00bb, asegur\u00f3 por su parte May.<\/p>\n<p>El presidente franc\u00e9s, no obstante, se mostr\u00f3 firme en lo relativo a un futuro acceso al mercado \u00fanico por parte de Reino Unido, afirmando que solo podr\u00eda beneficiarse de este si respetaba el principio de la libre circulaci\u00f3n de personas.<\/p>\n<p>&#8211; Circulaci\u00f3n de bienes y personas &#8211;<\/p>\n<p>\u00abEs el punto crucial. (&#8230;) Para Reino Unido ser\u00e1 la elecci\u00f3n: quedarse en el mercado interior y asumir la libre circulaci\u00f3n o tener otro estatus\u00bb, se\u00f1al\u00f3.<\/p>\n<p>May, por el contrario, asegur\u00f3 que el \u00abmensaje del pueblo brit\u00e1nico\u00bb votando a favor del Brexit era \u00abmuy claro\u00bb: \u00abDebemos introducir ciertos controles a la libre circulaci\u00f3n de ciudadanos europeos hacia Reino Unido\u00bb, afirm\u00f3. \u00abEl gobierno brit\u00e1nico debe mantener sus promesa\u00bb.<\/p>\n<\/p>\n<p>AFP \/ Tobias Schwarz<\/p>\n<p>La primera ministra brit\u00e1nica, Theresa May, se r\u00ede junto a la canciller alemana, Angela Merkel, el 20 de julio de 2016 en Berl\u00edn<\/p>\n<p>Londres sigue mandando en el calendario para activar el art\u00edculo 50 de los tratados europeos sobre las modalidades de salida de la UE. Una vez que se deposite la petici\u00f3n, las negociaciones deber\u00edan culminar en un plazo de dos a\u00f1os, lo que podr\u00eda comportar que el Reino Unido quede fuera de la UE en 2019.<\/p>\n<p>Gran Breta\u00f1a no solicitar\u00e1 la salida de la UE \u00abantes de que termine el a\u00f1o\u00bb, anunci\u00f3 el mi\u00e9rcoles en Berl\u00edn May a Merkel, quien dijo estar dispuesta a esperar a que Londres tenga \u00abuna posici\u00f3n de negociaci\u00f3n bien definida\u00bb.<\/p>\n<p>Hollande, Merkel y el jefe de gobierno italiano, Matteo Renzi, que hicieron un llamado el pasado 27 de junio para dar un \u00abnuevo impulso\u00bb a Europa, se reunir\u00e1n el 22 de agosto en Italia.<\/p>\n<\/p>\n<p>AFP \/ Paul Faith<\/p>\n<p>El primer ministro irland\u00e9s, Enda Kenny, junto al presidente franc\u00e9s, Fran\u00e7ois Hollande, en una rueda de prensa en Dubl\u00edn el 21 de julio de 2016<\/p>\n<p>En esa perspectiva, el presidente franc\u00e9s intenta unificar las posturas con una gira europea que lo llev\u00f3 esta semana a Portugal y a Irlanda. En septiembre est\u00e1 previsto que contin\u00fae en otros pa\u00edses.<\/p>\n<p>En el primer rango de prioridades de Francia est\u00e1 reforzar la cooperaci\u00f3n europea en seguridad y defensa, asumiendo que con la salida de Gran Breta\u00f1a, tambi\u00e9n se va el primer presupuesto militar de la UE.<\/p>\n<p>En el plano econ\u00f3mico, los esfuerzos se concentran en la \u00abarmonizaci\u00f3n fiscal y social\u00bb, un tema espinoso para Irlanda, por su baja imposici\u00f3n de sociedades, de solo el 12,5%, lo que atrae a numerosas sedes sociales de empresas y le conlleva acusaciones de dumping fiscal.<\/p>\n<h6> 2016-07-21 18:15:41 <\/h6>\n<p><!--\n<link rel=\"stylesheet\" href=\"css\/bootstrap.min.css\">\n\n\n<ul class=\"pagination\">\n\t    \n\t\n\n<li >\n\t<a href='?page_no=18932'>Previous<\/a>\n\t<\/li>\n\n\n       \n    \n\n<li><a href='?page_no=1'>1<\/a><\/li>\n\n\n\n<li><a href='?page_no=2'>2<\/a><\/li>\n\n\n\n<li><a>...<\/a><\/li>\n\n\n\n<li><a href='?page_no=18931'>18931<\/a><\/li>\n\n\n\n<li><a href='?page_no=18932'>18932<\/a><\/li>\n\n\n\n<li class='active'><a>18933<\/a><\/li>\n\n\n\n<li><a href='?page_no=18934'>18934<\/a><\/li>\n\n\n\n<li><a href='?page_no=18935'>18935<\/a><\/li>\n\n\n\n<li><a>...<\/a><\/li>\n\n\n\n<li><a href='?page_no=51012'>51012<\/a><\/li>\n\n\n\n<li><a href='?page_no=51013'>51013<\/a><\/li>\n\n    \n\t\n\n<li >\n\t<a href='?page_no=18934'>Next<\/a>\n\t<\/li>\n\n\n    \n\n<li><a href='?page_no=51013'>Last &rsaquo;&rsaquo;<\/a><\/li>\n\n<\/ul>\n\n\n--><br \/>\n<\/body><\/p>\n","protected":false},"excerpt":{"rendered":"<p>AFP \/ St\u00e9phane de Sakutin El presidente franc\u00e9s Francois Hollande le da la bienvenida la la primer ministra brit\u00e1nica Theresa May el 21 julio de 2016 en Par\u00eds El presidente franc\u00e9s Fran\u00e7ois Hollande acept\u00f3 este jueves, en l\u00ednea con Berl\u00edn, dar tiempo a Reino Unido antes de que el pa\u00eds notifique su salida de la [&hellip;]<\/p>\n","protected":false},"author":3,"featured_media":0,"comment_status":"open","ping_status":"open","sticky":false,"template":"","format":"standard","meta":{"footnotes":""},"categories":[23],"tags":[],"class_list":["post-249288","post","type-post","status-publish","format-standard","hentry","category-internacional"],"_links":{"self":[{"href":"https:\/\/diariodominicano.com\/index.php?rest_route=\/wp\/v2\/posts\/249288","targetHints":{"allow":["GET"]}}],"collection":[{"href":"https:\/\/diariodominicano.com\/index.php?rest_route=\/wp\/v2\/posts"}],"about":[{"href":"https:\/\/diariodominicano.com\/index.php?rest_route=\/wp\/v2\/types\/post"}],"author":[{"embeddable":true,"href":"https:\/\/diariodominicano.com\/index.php?rest_route=\/wp\/v2\/users\/3"}],"replies":[{"embeddable":true,"href":"https:\/\/diariodominicano.com\/index.php?rest_route=%2Fwp%2Fv2%2Fcomments&post=249288"}],"version-history":[{"count":0,"href":"https:\/\/diariodominicano.com\/index.php?rest_route=\/wp\/v2\/posts\/249288\/revisions"}],"wp:attachment":[{"href":"https:\/\/diariodominicano.com\/index.php?rest_route=%2Fwp%2Fv2%2Fmedia&parent=249288"}],"wp:term":[{"taxonomy":"category","embeddable":true,"href":"https:\/\/diariodominicano.com\/index.php?rest_route=%2Fwp%2Fv2%2Fcategories&post=249288"},{"taxonomy":"post_tag","embeddable":true,"href":"https:\/\/diariodominicano.com\/index.php?rest_route=%2Fwp%2Fv2%2Ftags&post=249288"}],"curies":[{"name":"wp","href":"https:\/\/api.w.org\/{rel}","templated":true}]}}