{"id":249287,"date":"2016-07-22T08:52:19","date_gmt":"2016-07-22T08:52:19","guid":{"rendered":"http:\/\/diariodominicano.ddns.net\/?p=249287"},"modified":"2016-07-22T08:52:19","modified_gmt":"2016-07-22T08:52:19","slug":"temer-pretende-abrir-puertas-a-sector-privado-si-continua-en-cargo","status":"publish","type":"post","link":"https:\/\/diariodominicano.com\/?p=249287","title":{"rendered":"Temer pretende abrir puertas a sector privado si contin\u00faa en cargo"},"content":{"rendered":"<p><body><\/p>\n<p><img decoding=\"async\" src=\"img3\/TemerBrasi22-7.jpg\" \/>  <\/p>\n<p><span class=\"text1noticias\">    RIO DE JANEIRO, 22 jul (Xinhua) &#8212; El presidente interino de Brasil, Michel Temer, pretende abrir la econom\u00eda del pa\u00eds al sector privado si contin\u00faa en el cargo, inform\u00f3 hoy el ministro de la Presidencia, Eliseu Padilha.<\/span><\/p>\n<p><span class=\"text1noticias\"> <\/span><\/p>\n<p><span class=\"text1noticias\">     En un evento con la prensa extranjera, el ministro dijo que los planes de Temer contemplan la privatizaci\u00f3n de diversos activos, entre los que cit\u00f3 puertos, aeropuertos y ferrocarriles, as\u00ed como \u00e1reas vinculadas a la explotaci\u00f3n de petr\u00f3leo y gas.<\/span><\/p>\n<p><span class=\"text1noticias\"> <\/span><\/p>\n<p><span class=\"text1noticias\">     Padilha expres\u00f3 que permitir la entrada del sector privado en estos sectores ayudar\u00eda a resolver algunos de los graves problemas que tiene el pa\u00eds en \u00e1reas clave como infraestructura, log\u00edstica o saneamiento, que tienen una \u00abinmensa necesidad\u00bb de inversiones y suponen un \u00abmar de oportunidades\u00bb para los empresarios.<\/span><\/p>\n<p><span class=\"text1noticias\"> <\/span><\/p>\n<p><span class=\"text1noticias\">     La continuidad de Temer en el cargo depender\u00e1 del juicio al que se enfrentar\u00e1 la presidenta suspendida Dilma Rousseff, a quien el Senado apart\u00f3 del cargo el pasado 12 de mayo por supuestas irregularidades fiscales en los balances de 2014 y 2015.<\/span><\/p>\n<p><span class=\"text1noticias\"> <\/span><\/p>\n<p><span class=\"text1noticias\">     Si es destituida, Temer completar\u00eda el mandato, que vence el 1 de enero de 2019; de lo contrario, Rousseff volver\u00eda de inmediato a ocupar la Presidencia. La votaci\u00f3n en el Senado ser\u00e1 a finales de agosto.<\/span><\/p>\n<p><span class=\"text1noticias\"> <\/span><\/p>\n<p><span class=\"text1noticias\">     Padilha hizo un balance de las nueve semanas del gobierno interino, y resalt\u00f3 que se est\u00e1 empezando a recuperar la confianza de los mercados y empresarios, gracias a las medidas adoptadas, como limitar el gasto p\u00fablico y proponer un duro ajuste fiscal para reducir los elevados gastos p\u00fablicos.<\/span><\/p>\n<p><span class=\"text1noticias\"> <\/span><\/p>\n<p><span class=\"text1noticias\">     Padilha se mostr\u00f3 convencido de que con las nuevas medidas del gobierno para reactivar la econom\u00eda brasile\u00f1a, actualmente en recesi\u00f3n, el Producto Interior Bruto (PIB) del pa\u00eds pueda llegar a crecer 1,2 por ciento en 2017, poniendo fin a dos a\u00f1os seguidos de contra<\/span>cci\u00f3n.<\/p>\n<h6> 2016-07-22 08:52:19 <\/h6>\n<p><!--\n<link rel=\"stylesheet\" href=\"css\/bootstrap.min.css\">\n\n\n<ul class=\"pagination\">\n\t    \n\t\n\n<li >\n\t<a href='?page_no=18931'>Previous<\/a>\n\t<\/li>\n\n\n       \n    \n\n<li><a href='?page_no=1'>1<\/a><\/li>\n\n\n\n<li><a href='?page_no=2'>2<\/a><\/li>\n\n\n\n<li><a>...<\/a><\/li>\n\n\n\n<li><a href='?page_no=18930'>18930<\/a><\/li>\n\n\n\n<li><a href='?page_no=18931'>18931<\/a><\/li>\n\n\n\n<li class='active'><a>18932<\/a><\/li>\n\n\n\n<li><a href='?page_no=18933'>18933<\/a><\/li>\n\n\n\n<li><a href='?page_no=18934'>18934<\/a><\/li>\n\n\n\n<li><a>...<\/a><\/li>\n\n\n\n<li><a href='?page_no=51012'>51012<\/a><\/li>\n\n\n\n<li><a href='?page_no=51013'>51013<\/a><\/li>\n\n    \n\t\n\n<li >\n\t<a href='?page_no=18933'>Next<\/a>\n\t<\/li>\n\n\n    \n\n<li><a href='?page_no=51013'>Last &rsaquo;&rsaquo;<\/a><\/li>\n\n<\/ul>\n\n\n--><br \/>\n<\/body><\/p>\n","protected":false},"excerpt":{"rendered":"<p>RIO DE JANEIRO, 22 jul (Xinhua) &#8212; El presidente interino de Brasil, Michel Temer, pretende abrir la econom\u00eda del pa\u00eds al sector privado si contin\u00faa en el cargo, inform\u00f3 hoy el ministro de la Presidencia, Eliseu Padilha. En un evento con la prensa extranjera, el ministro dijo que los planes de Temer contemplan la privatizaci\u00f3n [&hellip;]<\/p>\n","protected":false},"author":3,"featured_media":0,"comment_status":"open","ping_status":"open","sticky":false,"template":"","format":"standard","meta":{"footnotes":""},"categories":[23],"tags":[],"class_list":["post-249287","post","type-post","status-publish","format-standard","hentry","category-internacional"],"_links":{"self":[{"href":"https:\/\/diariodominicano.com\/index.php?rest_route=\/wp\/v2\/posts\/249287","targetHints":{"allow":["GET"]}}],"collection":[{"href":"https:\/\/diariodominicano.com\/index.php?rest_route=\/wp\/v2\/posts"}],"about":[{"href":"https:\/\/diariodominicano.com\/index.php?rest_route=\/wp\/v2\/types\/post"}],"author":[{"embeddable":true,"href":"https:\/\/diariodominicano.com\/index.php?rest_route=\/wp\/v2\/users\/3"}],"replies":[{"embeddable":true,"href":"https:\/\/diariodominicano.com\/index.php?rest_route=%2Fwp%2Fv2%2Fcomments&post=249287"}],"version-history":[{"count":0,"href":"https:\/\/diariodominicano.com\/index.php?rest_route=\/wp\/v2\/posts\/249287\/revisions"}],"wp:attachment":[{"href":"https:\/\/diariodominicano.com\/index.php?rest_route=%2Fwp%2Fv2%2Fmedia&parent=249287"}],"wp:term":[{"taxonomy":"category","embeddable":true,"href":"https:\/\/diariodominicano.com\/index.php?rest_route=%2Fwp%2Fv2%2Fcategories&post=249287"},{"taxonomy":"post_tag","embeddable":true,"href":"https:\/\/diariodominicano.com\/index.php?rest_route=%2Fwp%2Fv2%2Ftags&post=249287"}],"curies":[{"name":"wp","href":"https:\/\/api.w.org\/{rel}","templated":true}]}}