{"id":249286,"date":"2016-07-22T09:41:38","date_gmt":"2016-07-22T09:41:38","guid":{"rendered":"http:\/\/diariodominicano.ddns.net\/?p=249286"},"modified":"2016-07-22T09:41:38","modified_gmt":"2016-07-22T09:41:38","slug":"para-enfrentar-trafico-de-armas-drogas-humano-y-otros-delitos","status":"publish","type":"post","link":"https:\/\/diariodominicano.com\/?p=249286","title":{"rendered":"&#13;Para enfrentar tr\u00e1fico de armas, drogas, humano y otros delitos"},"content":{"rendered":"<p><body><\/p>\n<p><img decoding=\"async\" src=\"img3\/MICPN22-7.jpg\" \/>  <\/p>\n<p><span class=\"text1noticias\">Santo Domingo, R. D., 22 de julio.- El Ministro de Interior y Polic\u00eda, licenciado Jos\u00e9 Ram\u00f3n Fadul y  Jefe de la Oficina de Inteligencia  de la Polic\u00eda de Nueva York (NYPD), Thomas P Galiati, en representaci\u00f3n del Comisionado del Departamento de Polic\u00eda de New York (NYPD),  firmaron un Acuerdo de Cooperaci\u00f3n  para combatir  el Crimen Transnacional.<\/span><\/p>\n<p><span class=\"text1noticias\"> <\/span><\/p>\n<p><span class=\"text1noticias\">El acuerdo, firmado en el despacho del ministro Fadul, permitir\u00e1 un intercambio de experiencias e informaciones de inteligencia que fortalecer\u00e1n las capacidades y lazos institucionales en el combate del tr\u00e1fico il\u00edcito  de armas, tr\u00e1fico de drogas, tr\u00e1fico humano y otros delitos, que por su naturaleza violenta o socaban y la paz ciudadana y el desarrollo humano sostenible.<\/span><\/p>\n<p><span class=\"text1noticias\"> <\/span><\/p>\n<p><span class=\"text1noticias\">Tambi\u00e9n establece deberes y oportunidades justas y equilibradas para cada una de las partes, y est\u00e1 concebido en los principios de soberan\u00eda de ambos estados, y atribuciones tanto de Interior y Polic\u00eda como del NYDP.<\/span><\/p>\n<p><span class=\"text1noticias\"> <\/span><\/p>\n<p><span class=\"text1noticias\">El ministro Fadul asegur\u00f3 que  este acuerdo mejorar\u00e1 las herramientas efectivas para compartir informaciones en un mundo globalizado y potencializar\u00e1 los  recursos humanos que \u00abfortalecer\u00e1n nuestras capacidades para erradicar  o disminuir a su m\u00ednima expresi\u00f3n los cr\u00edmenes  contra los ciudadanos\u00bb.<\/span><\/p>\n<p><span class=\"text1noticias\"> <\/span><\/p>\n<p><span class=\"text1noticias\">En ese contexto, el jefe de Inteligencia de la NYPD, Galiati, manifest\u00f3  la voluntad de la Polic\u00eda de Nueva York de  colaborar  con la Rep\u00fablica Dominicana en temas  de seguridad ciudadana, al tiempo que realz\u00f3 el compromiso de nuestro pa\u00eds y nuestro gobierno, de  emprender acciones para combatir el crimen transnacional en todas sus formas.<\/span><\/p>\n<p><span class=\"text1noticias\">  <\/span><\/p>\n<p><span class=\"text1noticias\">Participaron en la actividad el  Director  General  de la Polic\u00eda Nacional, Mayor General  Nelson Peguero Paredes, el Viceministro para el Control de Armas y Coordinador General del Gabinete MIP, General de Brigada ERD,   Lic. Ricardo Rosa Chupany y el  Asistente del Ministro, General  P.N, Lic. Francisco Javier  Torres Dotel.<\/span><\/p>\n<p><span class=\"text1noticias\"> <\/span><\/p>\n<p><span class=\"text1noticias\">Durante la firma del Convenio le fue otorgado un reconocimiento al General Torres Dotel por sus grandes aportes en la soluci\u00f3n de casos conjuntos entre la  NYPD, el MIP y la PN.<\/span><\/p>\n<p><span class=\"text1noticias\"> <\/span><\/p>\n<p><span class=\"text1noticias\">Por la Polic\u00eda de  Nuevo York participaron,  adem\u00e1s de Thomas P Galiati, el teniente John Miedreich, el Jefe de la Oficina de Inteligencia,  y  el Detective Fausto Garc\u00eda enlace de la Polic\u00eda de Nuevo York en el MIP.<\/span><\/p>\n<p><span class=\"text1noticias\"> <\/span><\/p>\n<p><span class=\"text1noticias\">Los funcionarios militares y policiales de ambas partes intercambiaron obsequios  e insignias correspondientes a sus respectivas instituciones.<\/span><\/p>\n<h6> 2016-07-22 09:41:38 <\/h6>\n<p><!--\n<link rel=\"stylesheet\" href=\"css\/bootstrap.min.css\">\n\n\n<ul class=\"pagination\">\n\t    \n\t\n\n<li >\n\t<a href='?page_no=18930'>Previous<\/a>\n\t<\/li>\n\n\n       \n    \n\n<li><a href='?page_no=1'>1<\/a><\/li>\n\n\n\n<li><a href='?page_no=2'>2<\/a><\/li>\n\n\n\n<li><a>...<\/a><\/li>\n\n\n\n<li><a href='?page_no=18929'>18929<\/a><\/li>\n\n\n\n<li><a href='?page_no=18930'>18930<\/a><\/li>\n\n\n\n<li class='active'><a>18931<\/a><\/li>\n\n\n\n<li><a href='?page_no=18932'>18932<\/a><\/li>\n\n\n\n<li><a href='?page_no=18933'>18933<\/a><\/li>\n\n\n\n<li><a>...<\/a><\/li>\n\n\n\n<li><a href='?page_no=51012'>51012<\/a><\/li>\n\n\n\n<li><a href='?page_no=51013'>51013<\/a><\/li>\n\n    \n\t\n\n<li >\n\t<a href='?page_no=18932'>Next<\/a>\n\t<\/li>\n\n\n    \n\n<li><a href='?page_no=51013'>Last &rsaquo;&rsaquo;<\/a><\/li>\n\n<\/ul>\n\n\n--><br \/>\n<\/body><\/p>\n","protected":false},"excerpt":{"rendered":"<p>Santo Domingo, R. D., 22 de julio.- El Ministro de Interior y Polic\u00eda, licenciado Jos\u00e9 Ram\u00f3n Fadul y Jefe de la Oficina de Inteligencia de la Polic\u00eda de Nueva York (NYPD), Thomas P Galiati, en representaci\u00f3n del Comisionado del Departamento de Polic\u00eda de New York (NYPD), firmaron un Acuerdo de Cooperaci\u00f3n para combatir el Crimen [&hellip;]<\/p>\n","protected":false},"author":3,"featured_media":0,"comment_status":"open","ping_status":"open","sticky":false,"template":"","format":"standard","meta":{"footnotes":""},"categories":[23],"tags":[],"class_list":["post-249286","post","type-post","status-publish","format-standard","hentry","category-internacional"],"_links":{"self":[{"href":"https:\/\/diariodominicano.com\/index.php?rest_route=\/wp\/v2\/posts\/249286","targetHints":{"allow":["GET"]}}],"collection":[{"href":"https:\/\/diariodominicano.com\/index.php?rest_route=\/wp\/v2\/posts"}],"about":[{"href":"https:\/\/diariodominicano.com\/index.php?rest_route=\/wp\/v2\/types\/post"}],"author":[{"embeddable":true,"href":"https:\/\/diariodominicano.com\/index.php?rest_route=\/wp\/v2\/users\/3"}],"replies":[{"embeddable":true,"href":"https:\/\/diariodominicano.com\/index.php?rest_route=%2Fwp%2Fv2%2Fcomments&post=249286"}],"version-history":[{"count":0,"href":"https:\/\/diariodominicano.com\/index.php?rest_route=\/wp\/v2\/posts\/249286\/revisions"}],"wp:attachment":[{"href":"https:\/\/diariodominicano.com\/index.php?rest_route=%2Fwp%2Fv2%2Fmedia&parent=249286"}],"wp:term":[{"taxonomy":"category","embeddable":true,"href":"https:\/\/diariodominicano.com\/index.php?rest_route=%2Fwp%2Fv2%2Fcategories&post=249286"},{"taxonomy":"post_tag","embeddable":true,"href":"https:\/\/diariodominicano.com\/index.php?rest_route=%2Fwp%2Fv2%2Ftags&post=249286"}],"curies":[{"name":"wp","href":"https:\/\/api.w.org\/{rel}","templated":true}]}}