{"id":249284,"date":"2016-07-22T12:11:19","date_gmt":"2016-07-22T12:11:19","guid":{"rendered":"http:\/\/diariodominicano.ddns.net\/?p=249284"},"modified":"2016-07-22T12:11:19","modified_gmt":"2016-07-22T12:11:19","slug":"presidente-armenio-pide-a-ocupantes-de-estacion-de-policia-deponer-armas","status":"publish","type":"post","link":"https:\/\/diariodominicano.com\/?p=249284","title":{"rendered":"Presidente armenio pide a ocupantes de estaci\u00f3n de polic\u00eda deponer armas"},"content":{"rendered":"<p><body><\/p>\n<p><span class=\"text1noticias\">  EREVAN, 22 jul (Xinhua) &#8212; El presidente de Armenia, Serzh Sargsyan, inst\u00f3 hoy a los hombres armados que tomaron por asalto esta semana una estaci\u00f3n de polic\u00eda local en la capital del pa\u00eds, Erev\u00e1n, que se desarmen y pongan fin a la crisis pac\u00edficamente, dijo la presidencia armenia en un comunicado.<\/span><\/p>\n<p><span class=\"text1noticias\"> <\/span><\/p>\n<p><span class=\"text1noticias\">     \u00abLos problemas no se resolver\u00e1n en Armenia a trav\u00e9s de la violencia y de la toma de rehenes\u00bb, afirm\u00f3 Sargsyan en una reuni\u00f3n con oficiales judiciales del pa\u00eds. El grupo armado debe deponer sus armas, agreg\u00f3.<\/span><\/p>\n<p><span class=\"text1noticias\"> <\/span><\/p>\n<p><span class=\"text1noticias\">     Tambi\u00e9n dijo que se deben tomar medidas para calmar la situaci\u00f3n y que se llevar\u00e1 a cabo una investigaci\u00f3n completa para salvaguardar el Estado de derecho en el pa\u00eds.<\/span><\/p>\n<p><span class=\"text1noticias\"> <\/span><\/p>\n<p><span class=\"text1noticias\">     El presidente orden\u00f3 a la polic\u00eda y a otras agencias de aplicaci\u00f3n de la ley que contin\u00faen mostrando la m\u00e1xima moderaci\u00f3n a fin de evitar un mayor derramamiento de sangre.<\/span><\/p>\n<p><span class=\"text1noticias\"> <\/span><\/p>\n<p><span class=\"text1noticias\">     Un grupo de hombres armados tom\u00f3 por asalto el domingo el cuartel de una estaci\u00f3n de polic\u00eda en la calle Khorenatsi en Erev\u00e1n. Un polic\u00eda muri\u00f3 y varios m\u00e1s resultaron heridos.<\/span><\/p>\n<p><span class=\"text1noticias\"> <\/span><\/p>\n<p><span class=\"text1noticias\">     Los atacantes tomaron como rehenes a un n\u00famero de oficiales de polic\u00eda, incluido el subjefe de polic\u00eda de Armenia, para demandar la liberaci\u00f3n de su l\u00edder, Jirair Sefilyan, quien fue arrestado en junio por sospecha de un intento de derrocar al gobierno y de promover la renuncia del presidente Sargsyan.<\/span><\/p>\n<p><span class=\"text1noticias\"> <\/span><\/p>\n<p><span class=\"text1noticias\">     El mi\u00e9rcoles, un mitin realizado cerca de la estaci\u00f3n ocupada desencaden\u00f3 en enfrentamientos con la polic\u00eda.<\/span><\/p>\n<p><span class=\"text1noticias\"> <\/span><\/p>\n<p><span class=\"text1noticias\">     Se inform\u00f3 que los manifestantes arrojaron piedras contra oficiales de aplicaci\u00f3n de la ley. La polic\u00eda us\u00f3 gas para dispersar a la multitud.<\/span><\/p>\n<p><span class=\"text1noticias\"> <\/span><\/p>\n<p><span class=\"text1noticias\">     La prensa local inform\u00f3 que al menos 51 personas resultaron heridas en los c<\/span>hoques. <\/p>\n<h6> 2016-07-22 12:11:19 <\/h6>\n<p><!--\n<link rel=\"stylesheet\" href=\"css\/bootstrap.min.css\">\n\n\n<ul class=\"pagination\">\n\t    \n\t\n\n<li >\n\t<a href='?page_no=18928'>Previous<\/a>\n\t<\/li>\n\n\n       \n    \n\n<li><a href='?page_no=1'>1<\/a><\/li>\n\n\n\n<li><a href='?page_no=2'>2<\/a><\/li>\n\n\n\n<li><a>...<\/a><\/li>\n\n\n\n<li><a href='?page_no=18927'>18927<\/a><\/li>\n\n\n\n<li><a href='?page_no=18928'>18928<\/a><\/li>\n\n\n\n<li class='active'><a>18929<\/a><\/li>\n\n\n\n<li><a href='?page_no=18930'>18930<\/a><\/li>\n\n\n\n<li><a href='?page_no=18931'>18931<\/a><\/li>\n\n\n\n<li><a>...<\/a><\/li>\n\n\n\n<li><a href='?page_no=51012'>51012<\/a><\/li>\n\n\n\n<li><a href='?page_no=51013'>51013<\/a><\/li>\n\n    \n\t\n\n<li >\n\t<a href='?page_no=18930'>Next<\/a>\n\t<\/li>\n\n\n    \n\n<li><a href='?page_no=51013'>Last &rsaquo;&rsaquo;<\/a><\/li>\n\n<\/ul>\n\n\n--><br \/>\n<\/body><\/p>\n","protected":false},"excerpt":{"rendered":"<p>EREVAN, 22 jul (Xinhua) &#8212; El presidente de Armenia, Serzh Sargsyan, inst\u00f3 hoy a los hombres armados que tomaron por asalto esta semana una estaci\u00f3n de polic\u00eda local en la capital del pa\u00eds, Erev\u00e1n, que se desarmen y pongan fin a la crisis pac\u00edficamente, dijo la presidencia armenia en un comunicado. \u00abLos problemas no se [&hellip;]<\/p>\n","protected":false},"author":3,"featured_media":0,"comment_status":"open","ping_status":"open","sticky":false,"template":"","format":"standard","meta":{"footnotes":""},"categories":[23],"tags":[],"class_list":["post-249284","post","type-post","status-publish","format-standard","hentry","category-internacional"],"_links":{"self":[{"href":"https:\/\/diariodominicano.com\/index.php?rest_route=\/wp\/v2\/posts\/249284","targetHints":{"allow":["GET"]}}],"collection":[{"href":"https:\/\/diariodominicano.com\/index.php?rest_route=\/wp\/v2\/posts"}],"about":[{"href":"https:\/\/diariodominicano.com\/index.php?rest_route=\/wp\/v2\/types\/post"}],"author":[{"embeddable":true,"href":"https:\/\/diariodominicano.com\/index.php?rest_route=\/wp\/v2\/users\/3"}],"replies":[{"embeddable":true,"href":"https:\/\/diariodominicano.com\/index.php?rest_route=%2Fwp%2Fv2%2Fcomments&post=249284"}],"version-history":[{"count":0,"href":"https:\/\/diariodominicano.com\/index.php?rest_route=\/wp\/v2\/posts\/249284\/revisions"}],"wp:attachment":[{"href":"https:\/\/diariodominicano.com\/index.php?rest_route=%2Fwp%2Fv2%2Fmedia&parent=249284"}],"wp:term":[{"taxonomy":"category","embeddable":true,"href":"https:\/\/diariodominicano.com\/index.php?rest_route=%2Fwp%2Fv2%2Fcategories&post=249284"},{"taxonomy":"post_tag","embeddable":true,"href":"https:\/\/diariodominicano.com\/index.php?rest_route=%2Fwp%2Fv2%2Ftags&post=249284"}],"curies":[{"name":"wp","href":"https:\/\/api.w.org\/{rel}","templated":true}]}}