{"id":249283,"date":"2016-07-22T12:16:11","date_gmt":"2016-07-22T12:16:11","guid":{"rendered":"http:\/\/diariodominicano.ddns.net\/?p=249283"},"modified":"2016-07-22T12:16:11","modified_gmt":"2016-07-22T12:16:11","slug":"cuba-y-ee-uu-firman-acuerdo-sobre-enfrentamiento-al-narcotrafico","status":"publish","type":"post","link":"https:\/\/diariodominicano.com\/?p=249283","title":{"rendered":"Cuba y EE.UU. firman acuerdo sobre enfrentamiento al narcotr\u00e1fico"},"content":{"rendered":"<p><body><\/p>\n<p><span class=\"text1noticias\">La Habana, 22 jul (PL) Cuba y Estados Unidos firmaron en esta capital un arreglo para la cooperaci\u00f3n operacional en el enfrentamiento al tr\u00e1fico il\u00edcito de estupefacientes, publica hoy el sitio web del Ministerio local de Relaciones Exteriores (Minrex).<\/span><\/p>\n<p><span class=\"text1noticias\"> <\/span><\/p>\n<p><span class=\"text1noticias\">Seg\u00fan la nota de prensa, la r\u00fabrica se produjo la v\u00edspera durante el tercer encuentro t\u00e9cnico sobre la lucha antinarc\u00f3ticos entre entidades cubanas y estadounidenses de aplicaci\u00f3n y cumplimiento de la ley.<\/span><\/p>\n<p><span class=\"text1noticias\"> <\/span><\/p>\n<p><span class=\"text1noticias\">El texto agrega que la reuni\u00f3n transcurri\u00f3 en un clima de respeto y profesionalidad y las partes coincidieron en la utilidad de los di\u00e1logos sobre el tema.<\/span><\/p>\n<p><span class=\"text1noticias\"> <\/span><\/p>\n<p><span class=\"text1noticias\">Los representantes cubanos y estadounidenses acordaron mantener las conversaciones en el futuro.<\/span><\/p>\n<p><span class=\"text1noticias\"> <\/span><\/p>\n<p><span class=\"text1noticias\">De acuerdo con la directora general de Estados Unidos del Minrex, Josefina Vidal, la firma de este jueves eleva a 11 el total de acuerdos alcanzados entre Washington y La Habana durante los \u00faltimos ocho meses como parte del proceso hacia la normalizaci\u00f3n de las relaciones bilatera<\/span>les.<\/p>\n<h6> 2016-07-22 12:16:11 <\/h6>\n<p><!--\n<link rel=\"stylesheet\" href=\"css\/bootstrap.min.css\">\n\n\n<ul class=\"pagination\">\n\t    \n\t\n\n<li >\n\t<a href='?page_no=18927'>Previous<\/a>\n\t<\/li>\n\n\n       \n    \n\n<li><a href='?page_no=1'>1<\/a><\/li>\n\n\n\n<li><a href='?page_no=2'>2<\/a><\/li>\n\n\n\n<li><a>...<\/a><\/li>\n\n\n\n<li><a href='?page_no=18926'>18926<\/a><\/li>\n\n\n\n<li><a href='?page_no=18927'>18927<\/a><\/li>\n\n\n\n<li class='active'><a>18928<\/a><\/li>\n\n\n\n<li><a href='?page_no=18929'>18929<\/a><\/li>\n\n\n\n<li><a href='?page_no=18930'>18930<\/a><\/li>\n\n\n\n<li><a>...<\/a><\/li>\n\n\n\n<li><a href='?page_no=51012'>51012<\/a><\/li>\n\n\n\n<li><a href='?page_no=51013'>51013<\/a><\/li>\n\n    \n\t\n\n<li >\n\t<a href='?page_no=18929'>Next<\/a>\n\t<\/li>\n\n\n    \n\n<li><a href='?page_no=51013'>Last &rsaquo;&rsaquo;<\/a><\/li>\n\n<\/ul>\n\n\n--><br \/>\n<\/body><\/p>\n","protected":false},"excerpt":{"rendered":"<p>La Habana, 22 jul (PL) Cuba y Estados Unidos firmaron en esta capital un arreglo para la cooperaci\u00f3n operacional en el enfrentamiento al tr\u00e1fico il\u00edcito de estupefacientes, publica hoy el sitio web del Ministerio local de Relaciones Exteriores (Minrex). Seg\u00fan la nota de prensa, la r\u00fabrica se produjo la v\u00edspera durante el tercer encuentro t\u00e9cnico [&hellip;]<\/p>\n","protected":false},"author":3,"featured_media":0,"comment_status":"open","ping_status":"open","sticky":false,"template":"","format":"standard","meta":{"footnotes":""},"categories":[23],"tags":[],"class_list":["post-249283","post","type-post","status-publish","format-standard","hentry","category-internacional"],"_links":{"self":[{"href":"https:\/\/diariodominicano.com\/index.php?rest_route=\/wp\/v2\/posts\/249283","targetHints":{"allow":["GET"]}}],"collection":[{"href":"https:\/\/diariodominicano.com\/index.php?rest_route=\/wp\/v2\/posts"}],"about":[{"href":"https:\/\/diariodominicano.com\/index.php?rest_route=\/wp\/v2\/types\/post"}],"author":[{"embeddable":true,"href":"https:\/\/diariodominicano.com\/index.php?rest_route=\/wp\/v2\/users\/3"}],"replies":[{"embeddable":true,"href":"https:\/\/diariodominicano.com\/index.php?rest_route=%2Fwp%2Fv2%2Fcomments&post=249283"}],"version-history":[{"count":0,"href":"https:\/\/diariodominicano.com\/index.php?rest_route=\/wp\/v2\/posts\/249283\/revisions"}],"wp:attachment":[{"href":"https:\/\/diariodominicano.com\/index.php?rest_route=%2Fwp%2Fv2%2Fmedia&parent=249283"}],"wp:term":[{"taxonomy":"category","embeddable":true,"href":"https:\/\/diariodominicano.com\/index.php?rest_route=%2Fwp%2Fv2%2Fcategories&post=249283"},{"taxonomy":"post_tag","embeddable":true,"href":"https:\/\/diariodominicano.com\/index.php?rest_route=%2Fwp%2Fv2%2Ftags&post=249283"}],"curies":[{"name":"wp","href":"https:\/\/api.w.org\/{rel}","templated":true}]}}