{"id":249279,"date":"2016-07-22T15:24:49","date_gmt":"2016-07-22T15:24:49","guid":{"rendered":"http:\/\/diariodominicano.ddns.net\/?p=249279"},"modified":"2016-07-22T15:24:49","modified_gmt":"2016-07-22T15:24:49","slug":"obama-niega-participacion-de-ee-uu-en-golpe-de-estado-en-turquia","status":"publish","type":"post","link":"https:\/\/diariodominicano.com\/?p=249279","title":{"rendered":"&#13;Obama niega participaci\u00f3n de EE.UU. en golpe de estado en Turqu\u00eda"},"content":{"rendered":"<p><body><\/p>\n<p><img decoding=\"async\" src=\"img3\/obama.jpg\" \/>  <\/p>\n<p><span class=\"text1noticias\"> <\/span><\/p>\n<p><span class=\"text1noticias\">  <\/span><\/p>\n<p><span class=\"text1noticias\">Washington, 22 jul (PL) Estados Unidos no tuvo ninguna implicaci\u00f3n o conocimiento previo del fallido golpe de estado ocurrido hace unos d\u00edas en Turqu\u00eda, afirm\u00f3 hoy el presidente norteamericano, Barack Obama.<\/span><\/p>\n<\/p>\n<p><span class=\"text1noticias\">El mandatario estadounidense asegur\u00f3 que su gobierno no ten\u00eda conocimiento previo de la intentona golpista contra el gobierno de Recep Tayyip Erdogan, y que las noticias e informes que implicaron a Estados Unidos eran completamente falsos.<\/span><\/p>\n<\/p>\n<p><span class=\"text1noticias\">\u00abDeploramos el intento de golpe\u00bb, asegur\u00f3 Obama, y agreg\u00f3 que el pueblo turco se merece un gobierno que fue elegido democr\u00e1ticamente.<\/span><\/p>\n<\/p>\n<p><span class=\"text1noticias\">El presidente norteamericano se refiri\u00f3 al tema de Turqu\u00eda, durante una conferencia de prensa ofrecida este viernes junto a su hom\u00f3logo mexicano Enrique Pe\u00f1a Nieto, de visita en esta capital.<\/span><\/p>\n<\/p>\n<p><span class=\"text1noticias\">Tambi\u00e9n habl\u00f3 sobre la demanda impuesta por las autoridades de Ankara, quienes solicitan la extradici\u00f3n del cl\u00e9rigo Fethullah G\u00fclen, autoexiliado en Pennsylvania, y que es acusado por Erdogan como el autor intelectual del intento de golpe de estado en Turqu\u00eda.<\/span><\/p>\n<\/p>\n<p>Obama asegur\u00f3 que su gobierno considerar\u00eda cualquier solicitud de extradici\u00f3n a trav\u00e9s del proceso que establece la ley, pero dej\u00f3 claro que no iba a intervenir personalmente en el caso.<\/p>\n<\/p>\n<p>\u00abNos deben presentar pruebas de lo que ellos piensan sobre la participaci\u00f3n del G\u00fclen o cualquier otra persona que est\u00e1 aqu\u00ed en Estados Unidos\u00bb, asever\u00f3 el mandatario.<\/p>\n<h6> 2016-07-22 15:24:49 <\/h6>\n<p><!--\n<link rel=\"stylesheet\" href=\"css\/bootstrap.min.css\">\n\n\n<ul class=\"pagination\">\n\t    \n\t\n\n<li >\n\t<a href='?page_no=18923'>Previous<\/a>\n\t<\/li>\n\n\n       \n    \n\n<li><a href='?page_no=1'>1<\/a><\/li>\n\n\n\n<li><a href='?page_no=2'>2<\/a><\/li>\n\n\n\n<li><a>...<\/a><\/li>\n\n\n\n<li><a href='?page_no=18922'>18922<\/a><\/li>\n\n\n\n<li><a href='?page_no=18923'>18923<\/a><\/li>\n\n\n\n<li class='active'><a>18924<\/a><\/li>\n\n\n\n<li><a href='?page_no=18925'>18925<\/a><\/li>\n\n\n\n<li><a href='?page_no=18926'>18926<\/a><\/li>\n\n\n\n<li><a>...<\/a><\/li>\n\n\n\n<li><a href='?page_no=51012'>51012<\/a><\/li>\n\n\n\n<li><a href='?page_no=51013'>51013<\/a><\/li>\n\n    \n\t\n\n<li >\n\t<a href='?page_no=18925'>Next<\/a>\n\t<\/li>\n\n\n    \n\n<li><a href='?page_no=51013'>Last &rsaquo;&rsaquo;<\/a><\/li>\n\n<\/ul>\n\n\n--><br \/>\n<\/body><\/p>\n","protected":false},"excerpt":{"rendered":"<p>Washington, 22 jul (PL) Estados Unidos no tuvo ninguna implicaci\u00f3n o conocimiento previo del fallido golpe de estado ocurrido hace unos d\u00edas en Turqu\u00eda, afirm\u00f3 hoy el presidente norteamericano, Barack Obama. El mandatario estadounidense asegur\u00f3 que su gobierno no ten\u00eda conocimiento previo de la intentona golpista contra el gobierno de Recep Tayyip Erdogan, y que [&hellip;]<\/p>\n","protected":false},"author":3,"featured_media":0,"comment_status":"open","ping_status":"open","sticky":false,"template":"","format":"standard","meta":{"footnotes":""},"categories":[23],"tags":[],"class_list":["post-249279","post","type-post","status-publish","format-standard","hentry","category-internacional"],"_links":{"self":[{"href":"https:\/\/diariodominicano.com\/index.php?rest_route=\/wp\/v2\/posts\/249279","targetHints":{"allow":["GET"]}}],"collection":[{"href":"https:\/\/diariodominicano.com\/index.php?rest_route=\/wp\/v2\/posts"}],"about":[{"href":"https:\/\/diariodominicano.com\/index.php?rest_route=\/wp\/v2\/types\/post"}],"author":[{"embeddable":true,"href":"https:\/\/diariodominicano.com\/index.php?rest_route=\/wp\/v2\/users\/3"}],"replies":[{"embeddable":true,"href":"https:\/\/diariodominicano.com\/index.php?rest_route=%2Fwp%2Fv2%2Fcomments&post=249279"}],"version-history":[{"count":0,"href":"https:\/\/diariodominicano.com\/index.php?rest_route=\/wp\/v2\/posts\/249279\/revisions"}],"wp:attachment":[{"href":"https:\/\/diariodominicano.com\/index.php?rest_route=%2Fwp%2Fv2%2Fmedia&parent=249279"}],"wp:term":[{"taxonomy":"category","embeddable":true,"href":"https:\/\/diariodominicano.com\/index.php?rest_route=%2Fwp%2Fv2%2Fcategories&post=249279"},{"taxonomy":"post_tag","embeddable":true,"href":"https:\/\/diariodominicano.com\/index.php?rest_route=%2Fwp%2Fv2%2Ftags&post=249279"}],"curies":[{"name":"wp","href":"https:\/\/api.w.org\/{rel}","templated":true}]}}