{"id":249277,"date":"2016-07-22T15:43:24","date_gmt":"2016-07-22T15:43:24","guid":{"rendered":"http:\/\/diariodominicano.ddns.net\/?p=249277"},"modified":"2016-07-22T15:43:24","modified_gmt":"2016-07-22T15:43:24","slug":"fuerzas-sirias-atacan-a-grupos-terroristas-en-provincia-de-damasco","status":"publish","type":"post","link":"https:\/\/diariodominicano.com\/?p=249277","title":{"rendered":"&#13;Fuerzas sirias atacan a grupos terroristas en provincia de Damasco"},"content":{"rendered":"<p><body><\/p>\n<\/p>\n<p><span class=\"text1noticias\">\t <\/span><\/p>\n<\/p>\n<p><span class=\"text1noticias\">Los ataques de las unidades gubernamentales se concentraron en la localidad de al Fara, donde provocaron un n\u00famero indeterminado de bajas a los irregulares y da\u00f1os a sus sistemas de abastecimiento log\u00edstico y armamentos.<\/span><\/p>\n<\/p>\n<p><span class=\"text1noticias\">Seg\u00fan fuentes en el terreno, el 11 de julio pasado el Ej\u00e9rcito sirio restableci\u00f3 la seguridad y la estabilidad en la localidad de Madaa, tambi\u00e9n en la provincia de Damasco, y confiscaron armas y municiones del grupo extremista Liwaa al Islam.<\/span><\/p>\n<h6> 2016-07-22 15:43:24 <\/h6>\n<p><!--\n<link rel=\"stylesheet\" href=\"css\/bootstrap.min.css\">\n\n\n<ul class=\"pagination\">\n\t    \n\t\n\n<li >\n\t<a href='?page_no=18921'>Previous<\/a>\n\t<\/li>\n\n\n       \n    \n\n<li><a href='?page_no=1'>1<\/a><\/li>\n\n\n\n<li><a href='?page_no=2'>2<\/a><\/li>\n\n\n\n<li><a>...<\/a><\/li>\n\n\n\n<li><a href='?page_no=18920'>18920<\/a><\/li>\n\n\n\n<li><a href='?page_no=18921'>18921<\/a><\/li>\n\n\n\n<li class='active'><a>18922<\/a><\/li>\n\n\n\n<li><a href='?page_no=18923'>18923<\/a><\/li>\n\n\n\n<li><a href='?page_no=18924'>18924<\/a><\/li>\n\n\n\n<li><a>...<\/a><\/li>\n\n\n\n<li><a href='?page_no=51012'>51012<\/a><\/li>\n\n\n\n<li><a href='?page_no=51013'>51013<\/a><\/li>\n\n    \n\t\n\n<li >\n\t<a href='?page_no=18923'>Next<\/a>\n\t<\/li>\n\n\n    \n\n<li><a href='?page_no=51013'>Last &rsaquo;&rsaquo;<\/a><\/li>\n\n<\/ul>\n\n\n--><br \/>\n<\/body><\/p>\n","protected":false},"excerpt":{"rendered":"<p>Los ataques de las unidades gubernamentales se concentraron en la localidad de al Fara, donde provocaron un n\u00famero indeterminado de bajas a los irregulares y da\u00f1os a sus sistemas de abastecimiento log\u00edstico y armamentos. Seg\u00fan fuentes en el terreno, el 11 de julio pasado el Ej\u00e9rcito sirio restableci\u00f3 la seguridad y la estabilidad en la [&hellip;]<\/p>\n","protected":false},"author":3,"featured_media":0,"comment_status":"open","ping_status":"open","sticky":false,"template":"","format":"standard","meta":{"footnotes":""},"categories":[23],"tags":[],"class_list":["post-249277","post","type-post","status-publish","format-standard","hentry","category-internacional"],"_links":{"self":[{"href":"https:\/\/diariodominicano.com\/index.php?rest_route=\/wp\/v2\/posts\/249277","targetHints":{"allow":["GET"]}}],"collection":[{"href":"https:\/\/diariodominicano.com\/index.php?rest_route=\/wp\/v2\/posts"}],"about":[{"href":"https:\/\/diariodominicano.com\/index.php?rest_route=\/wp\/v2\/types\/post"}],"author":[{"embeddable":true,"href":"https:\/\/diariodominicano.com\/index.php?rest_route=\/wp\/v2\/users\/3"}],"replies":[{"embeddable":true,"href":"https:\/\/diariodominicano.com\/index.php?rest_route=%2Fwp%2Fv2%2Fcomments&post=249277"}],"version-history":[{"count":0,"href":"https:\/\/diariodominicano.com\/index.php?rest_route=\/wp\/v2\/posts\/249277\/revisions"}],"wp:attachment":[{"href":"https:\/\/diariodominicano.com\/index.php?rest_route=%2Fwp%2Fv2%2Fmedia&parent=249277"}],"wp:term":[{"taxonomy":"category","embeddable":true,"href":"https:\/\/diariodominicano.com\/index.php?rest_route=%2Fwp%2Fv2%2Fcategories&post=249277"},{"taxonomy":"post_tag","embeddable":true,"href":"https:\/\/diariodominicano.com\/index.php?rest_route=%2Fwp%2Fv2%2Ftags&post=249277"}],"curies":[{"name":"wp","href":"https:\/\/api.w.org\/{rel}","templated":true}]}}