{"id":249276,"date":"2016-07-22T21:59:20","date_gmt":"2016-07-22T21:59:20","guid":{"rendered":"http:\/\/diariodominicano.ddns.net\/?p=249276"},"modified":"2016-07-22T21:59:20","modified_gmt":"2016-07-22T21:59:20","slug":"nueve-muertos-en-tiroteo-en-munich-el-autor-se-suicida","status":"publish","type":"post","link":"https:\/\/diariodominicano.com\/?p=249276","title":{"rendered":"Nueve muertos en tiroteo en M\u00fanich, el autor se suicida"},"content":{"rendered":"<p><body><\/p>\n<p><img decoding=\"async\" src=\"img3\/f7f6b08c72d2a57c2b361c433bc77b585996cb6b.jpg\" \/><br \/><img decoding=\"async\" src=\"img3\/3725d42093a709c63ba288057bc7ca5610d611e5.jpg\" \/><br \/><img decoding=\"async\" src=\"img3\/fdcb22246d4956a58bac97d66a67640df71b6ea3.jpg\" \/>  <\/p>\n<\/p>\n<p>23 Jul 2016<\/p>\n<\/p>\n<p><strong>AFP \/ STRINGER<\/strong><\/p>\n<p><strong>Personas son evacuadas de la zona del centro comercial donde ocurri\u00f3 un tiroteo en M\u00fanich en Alemania, el 22 de julio de 2016<\/strong><\/p>\n<p>Nueve muertos y 21 heridos dej\u00f3 un tiroteo este viernes en un centro comercial de M\u00fanich (sur de Alemania), seg\u00fan la polic\u00eda de M\u00fanich, que aludi\u00f3 a un acto cometido \u00abprobablemente\u00bb por un solo autor que se suicid\u00f3.<\/p>\n<p>\u00abEn el marco de la investigaci\u00f3n, hemos descubierto una persona que se dio la muerte\u00bb, tuite\u00f3 la polic\u00eda, y a\u00f1adi\u00f3 que \u00abse trata muy probablemente del autor, que actu\u00f3 solo\u00bb.<\/p>\n<p>La polic\u00eda de la ciudad b\u00e1vara (sur de Alemania) mencion\u00f3 un \u00abfinal de la alerta\u00bb lanzada al producirse la matanza, aunque se manten\u00eda \u00abprudente\u00bb.<\/p>\n<p>Nueve muertos y 21 heridos dej\u00f3 un tiroteo este viernes en un centro comercial de M\u00fanich (sur de Alemania), seg\u00fan la polic\u00eda de M\u00fanich, que aludi\u00f3 a un acto cometido \u00abprobablemente\u00bb por un solo autor que se suicid\u00f3.<\/p>\n<p>\u00abEn el marco de la investigaci\u00f3n, hemos descubierto una persona que se dio la muerte\u00bb, tuite\u00f3 la polic\u00eda, y a\u00f1adi\u00f3 que \u00abse trata muy probablemente del autor, que actu\u00f3 solo\u00bb.<\/p>\n<\/p>\n<p>AFP \/ STR<\/p>\n<p>Polic\u00eda y bomberos cerca del centro comercial donde ocurri\u00f3 un tiroteo en M\u00fanich, Alemania, el 22 de julio de 2016<\/p>\n<p>La polic\u00eda de la ciudad b\u00e1vara (sur de Alemania) mencion\u00f3 un \u00abfinal de la alerta\u00bb lanzada al producirse la matanza, aunque se manten\u00eda \u00abprudente\u00bb.<\/p>\n<p>Los transportes en com\u00fan volvieron a funcionar la noche del viernes al s\u00e1bado, seg\u00fan tuite\u00f3 la polic\u00eda b\u00e1vara. La estaci\u00f3n central de trenes de M\u00fanich, que hab\u00eda sido evacuada, reabri\u00f3 y los trenes que hab\u00edan quedado bloqueados volvieron a circular.<\/p>\n<p>La canciller Angela Merkel convoc\u00f3 para este s\u00e1bado una reuni\u00f3n de su consejo federal de seguridad en Berl\u00edn para \u00abanalizar la situaci\u00f3n\u00bb, indic\u00f3 la noche del viernes su portavoz.<\/p>\n<p>Seg\u00fan informaciones recogidas por la AFP, varios testigos dijeron que los atacantes eran hombres con rasgos \u00ab\u00e1rabes\u00bb. El portavoz de la polic\u00eda no confirm\u00f3 esta informaci\u00f3n.<\/p>\n<p>La televisi\u00f3n alemana de informaci\u00f3n NTV por su parte indic\u00f3 que seg\u00fan un video aficionado el autor o uno de los autores de la matanza parece proferir insultos racistas antes de disparar, \u00ablo que puede hacer pensar en un acto de un extremista de derecha\u00bb.<\/p>\n<p>El tiroteo comenz\u00f3 poco antes de las 16H00 GMT en una hamburgueser\u00eda, indic\u00f3 a la AFP una fuente policial.<\/p>\n<\/p>\n<p>AFP \/ Thomas SAINT-CRICQ, Laurence SAUBADU<\/p>\n<p>Tiroteo en M\u00fanich<\/p>\n<p>Seg\u00fan el rotativo Bild, un hombre corri\u00f3 por el centro comercial y dispar\u00f3 a varias personas, antes de huir en direcci\u00f3n a una estaci\u00f3n de metro.<\/p>\n<p>La polic\u00eda de la capital b\u00e1vara dijo a la AFP que podr\u00eda tratarse de un posible acto de \u00abterrorismo\u00bb, mientras que otro portavoz de las fuerzas del orden en el lugar de los hechos y citado por la prensa advirti\u00f3 de \u00abuna situaci\u00f3n terrorista\u00bb en curso.<\/p>\n<p>&#8211; P\u00e1nico-<\/p>\n<p>Se trata del tercer ataque contra civiles en Europa Occidental en menos de diez d\u00edas, despu\u00e9s del atentado con un cami\u00f3n en Niza (sur de Francia), el 14 de julio, que dej\u00f3 84 muertos, y un ataque con un hacha en un tren en Baviera, que se sald\u00f3 con cinco heridos.<\/p>\n<\/p>\n<p>AFP \/ STR<\/p>\n<p>Polic\u00edas vigilando una zona de M\u00fanich en Alemania tras un tiroteo el 22 de julio de 2016<\/p>\n<p>El presidente estadounidense Barack Obama prometi\u00f3 a las autoridades alemanas \u00abtodo el apoyo que necesiten\u00bb, mientras que el jefe de Estado franc\u00e9s, Fran\u00e7ois Hollande, dirigi\u00f3 un \u00abmensaje personal de apoyo\u00bb a la canciller alemana Angela Merkel.<\/p>\n<p>\u00abPreocupado y siguiendo la evoluci\u00f3n del ataque en M\u00fanich. El pueblo alem\u00e1n cuenta con todo nuestro apoyo y afecto\u00bb, tuite\u00f3 el presidente del Gobierno espa\u00f1ol, Mariano Rajoy.<\/p>\n<p>El presidente alem\u00e1n Joachim Gauck dijo estar \u00abhorrorizado\u00bb por el \u00abataque asesino\u00bb de M\u00fanich, en un comunicado, y expres\u00f3 su solidaridad a las v\u00edctimas y a sus allegados.<\/p>\n<p>El presidente estadounidense Barack Obama prometi\u00f3 a las autoridades alemanas \u00abtodo el apoyo que necesiten\u00bb, mientras que el jefe de Estado franc\u00e9s, Fran\u00e7ois Hollande, dirigi\u00f3 un \u00abmensaje personal de apoyo\u00bb a la canciller alemana Angela Merkel.<\/p>\n<p>\u00abPreocupado y siguiendo la evoluci\u00f3n del ataque en M\u00fanich. El pueblo alem\u00e1n cuenta con todo nuestro apoyo y afecto\u00bb, tuite\u00f3 el presidente del Gobierno espa\u00f1ol, Mariano Rajoy.<\/p>\n<\/p>\n<p>dpa\/AFP \/ Andreas Gebert<\/p>\n<p>Polic\u00eda asegura el area de la estaci\u00f3n de metro Karlsplatz cerca de un centro comercial luego de un tiroteo en Munich en Alemania el 22 de julio de 2016<\/p>\n<p>El presidente alem\u00e1n Joachim Gauck dijo estar \u00abhorrorizado\u00bb por el \u00abataque asesino\u00bb de M\u00fanich, en un comunicado, y expres\u00f3 su solidaridad a las v\u00edctimas y a sus allegados.<\/p>\n<p>La polic\u00eda desminti\u00f3 que se hubiera producido un segundo tiroteo en otro lugar del este de la ciudad, pese a que supuestos testigos dijeron haberlo presenciado.<\/p>\n<p>Los hechos se produjeron cuatro d\u00edas despu\u00e9s de un ataque con un hacha perpetrado el lunes en Wurzburgo, cuando un solicitante de asilo atac\u00f3 a los pasajeros de un tren.<\/p>\n<p>Cinco personas resultaron heridas, en concreto cuatro turistas chinos de Hong Kong en un tren y una transe\u00fante.<\/p>\n<p>El grupo yihadista Estado Isl\u00e1mico (EI) reivindic\u00f3 este ataque, el primero reconocido por esta organizaci\u00f3n en Alemania. El gobierno alem\u00e1n duda, en cambio, de que el EI encargara el atentado.<\/p>\n<p>El ministro de Interior, Thomas de Maizi\u00e8re, hab\u00eda advertido el mi\u00e9rcoles a sus conciudadanos de que Alemania \u00abse encuentra en el punto de mira del terror internacional\u00bb.<\/p>\n<p>\u00abLa situaci\u00f3n es seria, debemos contar con que en Alemania tambi\u00e9n se prepare para atentados de peque\u00f1os grupos o personas radicalizadas\u00bb, se\u00f1al\u00f3 el ministro en una rueda de prensa.<\/p>\n<p>A unos 500 kil\u00f3metros de M\u00fanich, el estado de Renania del Norte-Wesfalia anunci\u00f3 que hab\u00eda elevado sus medidas de seguridad con efecto inmediato.<\/p>\n<p>Tambi\u00e9n Austria extrem\u00f3 \u00absignificativamente\u00bb sus medidas de seguridad en los cuatro estados que comparten frontera con Alemania y puso a sus fuerzas de \u00e9lite, \u00abCobra\u00bb en alerta tras el ataque en M\u00fanich, informaron responsables austriacos el viernes.<\/p>\n<h6> 2016-07-22 21:59:20 <\/h6>\n<p><!--\n<link rel=\"stylesheet\" href=\"css\/bootstrap.min.css\">\n\n\n<ul class=\"pagination\">\n\t    \n\t\n\n<li >\n\t<a href='?page_no=18920'>Previous<\/a>\n\t<\/li>\n\n\n       \n    \n\n<li><a href='?page_no=1'>1<\/a><\/li>\n\n\n\n<li><a href='?page_no=2'>2<\/a><\/li>\n\n\n\n<li><a>...<\/a><\/li>\n\n\n\n<li><a href='?page_no=18919'>18919<\/a><\/li>\n\n\n\n<li><a href='?page_no=18920'>18920<\/a><\/li>\n\n\n\n<li class='active'><a>18921<\/a><\/li>\n\n\n\n<li><a href='?page_no=18922'>18922<\/a><\/li>\n\n\n\n<li><a href='?page_no=18923'>18923<\/a><\/li>\n\n\n\n<li><a>...<\/a><\/li>\n\n\n\n<li><a href='?page_no=51012'>51012<\/a><\/li>\n\n\n\n<li><a href='?page_no=51013'>51013<\/a><\/li>\n\n    \n\t\n\n<li >\n\t<a href='?page_no=18922'>Next<\/a>\n\t<\/li>\n\n\n    \n\n<li><a href='?page_no=51013'>Last &rsaquo;&rsaquo;<\/a><\/li>\n\n<\/ul>\n\n\n--><br \/>\n<\/body><\/p>\n","protected":false},"excerpt":{"rendered":"<p>23 Jul 2016 AFP \/ STRINGER Personas son evacuadas de la zona del centro comercial donde ocurri\u00f3 un tiroteo en M\u00fanich en Alemania, el 22 de julio de 2016 Nueve muertos y 21 heridos dej\u00f3 un tiroteo este viernes en un centro comercial de M\u00fanich (sur de Alemania), seg\u00fan la polic\u00eda de M\u00fanich, que aludi\u00f3 [&hellip;]<\/p>\n","protected":false},"author":3,"featured_media":0,"comment_status":"open","ping_status":"open","sticky":false,"template":"","format":"standard","meta":{"footnotes":""},"categories":[23],"tags":[],"class_list":["post-249276","post","type-post","status-publish","format-standard","hentry","category-internacional"],"_links":{"self":[{"href":"https:\/\/diariodominicano.com\/index.php?rest_route=\/wp\/v2\/posts\/249276","targetHints":{"allow":["GET"]}}],"collection":[{"href":"https:\/\/diariodominicano.com\/index.php?rest_route=\/wp\/v2\/posts"}],"about":[{"href":"https:\/\/diariodominicano.com\/index.php?rest_route=\/wp\/v2\/types\/post"}],"author":[{"embeddable":true,"href":"https:\/\/diariodominicano.com\/index.php?rest_route=\/wp\/v2\/users\/3"}],"replies":[{"embeddable":true,"href":"https:\/\/diariodominicano.com\/index.php?rest_route=%2Fwp%2Fv2%2Fcomments&post=249276"}],"version-history":[{"count":0,"href":"https:\/\/diariodominicano.com\/index.php?rest_route=\/wp\/v2\/posts\/249276\/revisions"}],"wp:attachment":[{"href":"https:\/\/diariodominicano.com\/index.php?rest_route=%2Fwp%2Fv2%2Fmedia&parent=249276"}],"wp:term":[{"taxonomy":"category","embeddable":true,"href":"https:\/\/diariodominicano.com\/index.php?rest_route=%2Fwp%2Fv2%2Fcategories&post=249276"},{"taxonomy":"post_tag","embeddable":true,"href":"https:\/\/diariodominicano.com\/index.php?rest_route=%2Fwp%2Fv2%2Ftags&post=249276"}],"curies":[{"name":"wp","href":"https:\/\/api.w.org\/{rel}","templated":true}]}}