{"id":249275,"date":"2016-07-23T13:37:03","date_gmt":"2016-07-23T13:37:03","guid":{"rendered":"http:\/\/diariodominicano.ddns.net\/?p=249275"},"modified":"2016-07-23T13:37:03","modified_gmt":"2016-07-23T13:37:03","slug":"coordinan-financiamiento-de-elecciones-haitianas","status":"publish","type":"post","link":"https:\/\/diariodominicano.com\/?p=249275","title":{"rendered":"&#13;Coordinan financiamiento de elecciones haitianas"},"content":{"rendered":"<p><body><\/p>\n<p><img decoding=\"async\" src=\"img3\/haiti-elecciones.jpg\" \/>  <\/p>\n<p><span class=\"text1noticias\"> <\/span><\/p>\n<p><span class=\"text1noticias\">  <\/span><\/p>\n<p><span class=\"text1noticias\">Puerto Pr\u00edncipe, 23 jul (PL) El presidente interino de Hait\u00ed, Jocelerme Privert, comenz\u00f3 la semana que hoy culmina a coordinar el financiamiento de las elecciones convocadas para el 9 de octubre pr\u00f3ximo.<\/span><\/p>\n<\/p>\n<p><span class=\"text1noticias\">Leopold Berlanger, presidente del Consejo Electoral Provisional (CEP), calcul\u00f3 que necesita 55 millones de d\u00f3lares para celebrar esos comicios.<\/span><\/p>\n<\/p>\n<p><span class=\"text1noticias\">Esta semana Privert manifest\u00f3 preocupaci\u00f3n sobre el financiamiento de los comicios y critic\u00f3 al parlamento por no haber votado la ley de presupuesto presentada en el plazo requerido.<\/span><\/p>\n<\/p>\n<p><span class=\"text1noticias\">Sin embargo, el mandatario se comprometi\u00f3 p\u00fablicamente a hacer todo lo posible para movilizar los recursos solicitados por el CEP, y dijo que todos los haitianos deben apoyar ese acto de soberan\u00eda nacional.<\/span><\/p>\n<\/p>\n<p><span class=\"text1noticias\">Por ahora no especific\u00f3 c\u00f3mo har\u00e1 para obtener los recursos, pero se reuni\u00f3 con los operadores de telecomunicaciones, l\u00edderes de denominaciones pol\u00edticas y de la sociedad civil y exhort\u00f3 al empresariado nacional a aportar con ese objetivo.<\/span><\/p>\n<\/p>\n<p><span class=\"text1noticias\">El jefe de Estado dijo que tiene previsto utilizar la movilizaci\u00f3n ciudadana para recoger todos los fondos necesarios para la organizaci\u00f3n de las elecciones y abog\u00f3 por una contribuci\u00f3n c\u00edvica para completar el presupuesto electoral.<\/span><\/p>\n<\/p>\n<p><span class=\"text1noticias\">Elogi\u00f3 la decisi\u00f3n de 12 senadores que se comprometieron a aportar dos meses de su salario a la cuenta del CEP y revel\u00f3 que los Ministros de su gobierno expresaron el deseo de contribuir financieramente a la realizaci\u00f3n de las elecciones.<\/span><\/p>\n<\/p>\n<p><span class=\"text1noticias\">Llam\u00f3 la atenci\u00f3n sobre la necesidad de que los fondos se gestionen de forma transparente por los funcionarios de la CEP, porque eso har\u00e1 los comicios m\u00e1s cre\u00edbles.<\/span><\/p>\n<\/p>\n<p><span class=\"text1noticias\">Esta semana se conoci\u00f3 que varios representantes de la comunidad internacional manifestaron su benepl\u00e1cito por la decisi\u00f3n de Privert de convocar elecciones parlamentarias y presidenciales.<\/span><\/p>\n<\/p>\n<p><span class=\"text1noticias\">Francia salud\u00f3 la iniciativa y record\u00f3 que todos los ciudadanos haitianos deben votar a trav\u00e9s de elecciones libres y transparentes, \u00aborganizadas por los propios haitianos\u00bb.<\/span><\/p>\n<\/p>\n<p><span class=\"text1noticias\">En una reuni\u00f3n del Consejo Permanente de la Organizaci\u00f3n de Estados Americanos (OEA) el canciller de Hait\u00ed, Pierrot Delienne, pidi\u00f3 el apoyo de los \u00f3rganos ejecutivos de la OEA para que respalden la organizaci\u00f3n de las elecciones.<\/span><\/p>\n<\/p>\n<p><span class=\"text1noticias\">Pero el jefe de la diplomacia haitiana expres\u00f3 que en ese sentido tuvo consecuencias negativas la ayuda financiera a su pa\u00eds. Queremos romper esta pr\u00e1ctica que torpedea nuestra soberan\u00eda, sugiri\u00f3.<\/span><\/p>\n<\/p>\n<p><span class=\"text1noticias\">Asegur\u00f3 que el gobierno propone movilizar sus propios recursos para lograr esas elecciones y aunque no rechaza la ayuda y la solidaridad, entiende que este proceso electoral ser\u00e1 la piedra angular para reconstruir la soberan\u00eda.<\/span><\/p>\n<\/p>\n<p><span class=\"text1noticias\">Hasta el coordinador del Departamento de Estado norteamericano para Hait\u00ed, Kenneth Merten, que ayer comenz\u00f3 una nueva visita al pa\u00eds, reiter\u00f3 que Estados Unidos no financiar\u00e1 las elecciones, pero las apoya.<\/span><\/p>\n<\/p>\n<p><span class=\"text1noticias\">El embajador estadounidense Peter Mulrean, quien nunca pierde la oportunidad de criticar las decisiones de Privert, reconoci\u00f3 que el CEP trabaja en serio y avanzan los preparativos electorales.<\/span><\/p>\n<h6> 2016-07-23 13:37:03 <\/h6>\n<p><!--\n<link rel=\"stylesheet\" href=\"css\/bootstrap.min.css\">\n\n\n<ul class=\"pagination\">\n\t    \n\t\n\n<li >\n\t<a href='?page_no=18919'>Previous<\/a>\n\t<\/li>\n\n\n       \n    \n\n<li><a href='?page_no=1'>1<\/a><\/li>\n\n\n\n<li><a href='?page_no=2'>2<\/a><\/li>\n\n\n\n<li><a>...<\/a><\/li>\n\n\n\n<li><a href='?page_no=18918'>18918<\/a><\/li>\n\n\n\n<li><a href='?page_no=18919'>18919<\/a><\/li>\n\n\n\n<li class='active'><a>18920<\/a><\/li>\n\n\n\n<li><a href='?page_no=18921'>18921<\/a><\/li>\n\n\n\n<li><a href='?page_no=18922'>18922<\/a><\/li>\n\n\n\n<li><a>...<\/a><\/li>\n\n\n\n<li><a href='?page_no=51012'>51012<\/a><\/li>\n\n\n\n<li><a href='?page_no=51013'>51013<\/a><\/li>\n\n    \n\t\n\n<li >\n\t<a href='?page_no=18921'>Next<\/a>\n\t<\/li>\n\n\n    \n\n<li><a href='?page_no=51013'>Last &rsaquo;&rsaquo;<\/a><\/li>\n\n<\/ul>\n\n\n--><br \/>\n<\/body><\/p>\n","protected":false},"excerpt":{"rendered":"<p>Puerto Pr\u00edncipe, 23 jul (PL) El presidente interino de Hait\u00ed, Jocelerme Privert, comenz\u00f3 la semana que hoy culmina a coordinar el financiamiento de las elecciones convocadas para el 9 de octubre pr\u00f3ximo. Leopold Berlanger, presidente del Consejo Electoral Provisional (CEP), calcul\u00f3 que necesita 55 millones de d\u00f3lares para celebrar esos comicios. Esta semana Privert manifest\u00f3 [&hellip;]<\/p>\n","protected":false},"author":3,"featured_media":0,"comment_status":"open","ping_status":"open","sticky":false,"template":"","format":"standard","meta":{"footnotes":""},"categories":[23],"tags":[],"class_list":["post-249275","post","type-post","status-publish","format-standard","hentry","category-internacional"],"_links":{"self":[{"href":"https:\/\/diariodominicano.com\/index.php?rest_route=\/wp\/v2\/posts\/249275","targetHints":{"allow":["GET"]}}],"collection":[{"href":"https:\/\/diariodominicano.com\/index.php?rest_route=\/wp\/v2\/posts"}],"about":[{"href":"https:\/\/diariodominicano.com\/index.php?rest_route=\/wp\/v2\/types\/post"}],"author":[{"embeddable":true,"href":"https:\/\/diariodominicano.com\/index.php?rest_route=\/wp\/v2\/users\/3"}],"replies":[{"embeddable":true,"href":"https:\/\/diariodominicano.com\/index.php?rest_route=%2Fwp%2Fv2%2Fcomments&post=249275"}],"version-history":[{"count":0,"href":"https:\/\/diariodominicano.com\/index.php?rest_route=\/wp\/v2\/posts\/249275\/revisions"}],"wp:attachment":[{"href":"https:\/\/diariodominicano.com\/index.php?rest_route=%2Fwp%2Fv2%2Fmedia&parent=249275"}],"wp:term":[{"taxonomy":"category","embeddable":true,"href":"https:\/\/diariodominicano.com\/index.php?rest_route=%2Fwp%2Fv2%2Fcategories&post=249275"},{"taxonomy":"post_tag","embeddable":true,"href":"https:\/\/diariodominicano.com\/index.php?rest_route=%2Fwp%2Fv2%2Ftags&post=249275"}],"curies":[{"name":"wp","href":"https:\/\/api.w.org\/{rel}","templated":true}]}}