{"id":249273,"date":"2016-07-23T13:58:18","date_gmt":"2016-07-23T13:58:18","guid":{"rendered":"http:\/\/diariodominicano.ddns.net\/?p=249273"},"modified":"2016-07-23T13:58:18","modified_gmt":"2016-07-23T13:58:18","slug":"declaran-a-rigoberta-menchu-huesped-de-honor-en-uruguay","status":"publish","type":"post","link":"https:\/\/diariodominicano.com\/?p=249273","title":{"rendered":"&#13;&#13;Declaran a Rigoberta Menchu Hu\u00e9sped de Honor en Uruguay"},"content":{"rendered":"<p><body><\/p>\n<p><img decoding=\"async\" src=\"img3\/rigoberta_menchu1.jpg\" \/>  <\/p>\n<p><span class=\"text1noticias\"> <\/span><\/p>\n<p><span class=\"text1noticias\">  <\/span><\/p>\n<p><span class=\"text1noticias\">Montevideo, 23 jul (PL) La Premio Nobel de la Paz de 1992, Rigoberta Mench\u00fa, fue declarada en una ceremonia \u00abHu\u00e9sped de Honor\u00bb por el municipio uruguayo de Punta del Este, departamento de Maldonado, publican hoy medios period\u00edsticos.<\/span><\/p>\n<\/p>\n<p><span class=\"text1noticias\">En acto celebrado la v\u00edspera en el Espacio Gorlero de ese balneario, el Intendente de la provincia, Enrique Ant\u00eda, entreg\u00f3 el galard\u00f3n a la l\u00edder ind\u00edgena, y destac\u00f3 su trayectoria en defensa de la igualdad social.<\/span><\/p>\n<\/p>\n<p><span class=\"text1noticias\">Mench\u00fa recibi\u00f3, adem\u00e1s, una bandeja conmemorativa en \u00abreconocimiento a su defensa irrenunciable a la lucha por los Derechos Humanos\u00bb, y una piedra amatista como s\u00edmbolo de paz y que para los pueblos originarios es un amuleto de protecci\u00f3n.<\/span><\/p>\n<\/p>\n<p><span class=\"text1noticias\">Al agradecer el gesto de las autoridades de Punta del Este, entre ellos adem\u00e1s, el Secretario General de la Intendencia de Maldonado, Diego Echeverr\u00eda; y el alcalde de Punta del Este, Andr\u00e9s Jafif, la luchadora guatemalteca consider\u00f3 un gran honor la distinci\u00f3n recibida.<\/span><\/p>\n<\/p>\n<p><span class=\"text1noticias\">En su intervenci\u00f3n, mencion\u00f3 a personalidades uruguayas \u00abque han inspirado\u00bb, como el escritor Eduardo Galeano y el expresidente Jos\u00e9 Mujica, a quien destac\u00f3 como un \u00abgran emblem\u00e1tico en la historia latinoamericana\u00bb, public\u00f3 Maldonado Noticias.<\/span><\/p>\n<\/p>\n<p><span class=\"text1noticias\">La Premio Nobel de la Paz viaj\u00f3 a Uruguay para participar en la III Edici\u00f3n de los Premios Platino, en la cual entregar\u00e1 el Premio de Cine y Educaci\u00f3n en Valores en la gala que tendr\u00e1 lugar ma\u00f1ana, en el Centro de Convenciones de Punta del Este que ser\u00e1 inaugurado ese d\u00eda.<\/span><\/p>\n<\/p>\n<p><span class=\"text1noticias\">Este reconocimiento se entrega por primera vez y est\u00e1 dirigido a reconocer los largometrajes que unifiquen, trasmitan o introduzcan valores sociales y humanos b\u00e1sicos para la sociedad en su conjunto.<\/span><\/p>\n<\/p>\n<h6> 2016-07-23 13:58:18 <\/h6>\n<p><!--\n<link rel=\"stylesheet\" href=\"css\/bootstrap.min.css\">\n\n\n<ul class=\"pagination\">\n\t    \n\t\n\n<li >\n\t<a href='?page_no=18917'>Previous<\/a>\n\t<\/li>\n\n\n       \n    \n\n<li><a href='?page_no=1'>1<\/a><\/li>\n\n\n\n<li><a href='?page_no=2'>2<\/a><\/li>\n\n\n\n<li><a>...<\/a><\/li>\n\n\n\n<li><a href='?page_no=18916'>18916<\/a><\/li>\n\n\n\n<li><a href='?page_no=18917'>18917<\/a><\/li>\n\n\n\n<li class='active'><a>18918<\/a><\/li>\n\n\n\n<li><a href='?page_no=18919'>18919<\/a><\/li>\n\n\n\n<li><a href='?page_no=18920'>18920<\/a><\/li>\n\n\n\n<li><a>...<\/a><\/li>\n\n\n\n<li><a href='?page_no=51012'>51012<\/a><\/li>\n\n\n\n<li><a href='?page_no=51013'>51013<\/a><\/li>\n\n    \n\t\n\n<li >\n\t<a href='?page_no=18919'>Next<\/a>\n\t<\/li>\n\n\n    \n\n<li><a href='?page_no=51013'>Last &rsaquo;&rsaquo;<\/a><\/li>\n\n<\/ul>\n\n\n--><br \/>\n<\/body><\/p>\n","protected":false},"excerpt":{"rendered":"<p>Montevideo, 23 jul (PL) La Premio Nobel de la Paz de 1992, Rigoberta Mench\u00fa, fue declarada en una ceremonia \u00abHu\u00e9sped de Honor\u00bb por el municipio uruguayo de Punta del Este, departamento de Maldonado, publican hoy medios period\u00edsticos. En acto celebrado la v\u00edspera en el Espacio Gorlero de ese balneario, el Intendente de la provincia, Enrique [&hellip;]<\/p>\n","protected":false},"author":3,"featured_media":0,"comment_status":"open","ping_status":"open","sticky":false,"template":"","format":"standard","meta":{"footnotes":""},"categories":[23],"tags":[],"class_list":["post-249273","post","type-post","status-publish","format-standard","hentry","category-internacional"],"_links":{"self":[{"href":"https:\/\/diariodominicano.com\/index.php?rest_route=\/wp\/v2\/posts\/249273","targetHints":{"allow":["GET"]}}],"collection":[{"href":"https:\/\/diariodominicano.com\/index.php?rest_route=\/wp\/v2\/posts"}],"about":[{"href":"https:\/\/diariodominicano.com\/index.php?rest_route=\/wp\/v2\/types\/post"}],"author":[{"embeddable":true,"href":"https:\/\/diariodominicano.com\/index.php?rest_route=\/wp\/v2\/users\/3"}],"replies":[{"embeddable":true,"href":"https:\/\/diariodominicano.com\/index.php?rest_route=%2Fwp%2Fv2%2Fcomments&post=249273"}],"version-history":[{"count":0,"href":"https:\/\/diariodominicano.com\/index.php?rest_route=\/wp\/v2\/posts\/249273\/revisions"}],"wp:attachment":[{"href":"https:\/\/diariodominicano.com\/index.php?rest_route=%2Fwp%2Fv2%2Fmedia&parent=249273"}],"wp:term":[{"taxonomy":"category","embeddable":true,"href":"https:\/\/diariodominicano.com\/index.php?rest_route=%2Fwp%2Fv2%2Fcategories&post=249273"},{"taxonomy":"post_tag","embeddable":true,"href":"https:\/\/diariodominicano.com\/index.php?rest_route=%2Fwp%2Fv2%2Ftags&post=249273"}],"curies":[{"name":"wp","href":"https:\/\/api.w.org\/{rel}","templated":true}]}}