{"id":249272,"date":"2016-07-23T15:03:40","date_gmt":"2016-07-23T15:03:40","guid":{"rendered":"http:\/\/diariodominicano.ddns.net\/?p=249272"},"modified":"2016-07-23T15:03:40","modified_gmt":"2016-07-23T15:03:40","slug":"frente-amplio-uruguayo-concluye-campana-para-comicios-de-manana","status":"publish","type":"post","link":"https:\/\/diariodominicano.com\/?p=249272","title":{"rendered":"&#13;Frente Amplio uruguayo concluye campa\u00f1a para comicios de ma\u00f1ana"},"content":{"rendered":"<p><body><\/p>\n<p><img decoding=\"async\" src=\"img3\/frente-amplio.jpg\" \/>  <\/p>\n<\/p>\n<p>Montevideo, 23 jul (PL) Con un llamado a la unidad y a fortalecer la estructura partidaria del Frente Amplio de Uruguay, los cuatros candidatos a la presidencia de esa fuerza pol\u00edtica concluyeron la campa\u00f1a para las elecciones internas de ma\u00f1ana domingo.<\/p>\n<\/p>\n<p>En acto celebrado anoche en la Ciudad de la Costa, departamento de Canelones, Jos\u00e9 Bayardi, Roberto Conde, Javier Miranda y Alejandro S\u00e1nchez, cerraron con discursos los tres meses de intensa actividad proselitista que desarrollaron por todo el pa\u00eds.<\/p>\n<\/p>\n<p>El abogado Javier Miranda consider\u00f3 imprescindible que la coalici\u00f3n pol\u00edtica de gobierno multiplique los espacios de participaci\u00f3n y llam\u00f3 en ese sentido a fortalecer las estructuras de la organizaci\u00f3n en las bases.<\/p>\n<\/p>\n<p>Tenemos como \u00abprincipal desaf\u00edo\u00bb la participaci\u00f3n, dijo, y llam\u00f3 a \u00abhacer pol\u00edtica y discutir\u00bb en los centros de estudio, de trabajo y en las redes a trav\u00e9s de los \u00abchats interactivos\u00bb.<\/p>\n<\/p>\n<p>Miranda, secretario de Derechos Humanos de la Presidencia de la Rep\u00fablica, destac\u00f3 la necesidad de la discusi\u00f3n ideol\u00f3gica en cada lugar para generar \u00abdebates de ideas\u00bb y encontrar as\u00ed los consensos y acuerdos.<\/p>\n<\/p>\n<p>Otro de los candidatos, el diputado Alejandro S\u00e1nchez, signific\u00f3 que m\u00e1s importante que cualquier inter\u00e9s sectorial es la unidad de la organizaci\u00f3n, y apunt\u00f3 que en los comicios de ma\u00f1ana \u00abno va a ganar un candidato\u00bb, sino \u00abva a ganar el FA\u00bb.<\/p>\n<\/p>\n<p>S\u00e1nchez se\u00f1al\u00f3 que la fuerza pol\u00edtica debe vincularse con la sociedad y destac\u00f3 la importancia de que esta dialogue con el gobierno para generar mejores pol\u00edticas en funci\u00f3n de las gentes.<\/p>\n<\/p>\n<p>Lo \u00fanico que puede garantizar eso es un gobierno del Frente Amplio, remarc\u00f3, y subray\u00f3 que la oposici\u00f3n \u00able tiene miedo a esto que estamos haciendo ac\u00e1, a la unidad\u00bb.<\/p>\n<\/p>\n<p>Por su parte, el exvicecanciller Roberto Conde se refiri\u00f3 a los desaf\u00edos por delante de la coalici\u00f3n pol\u00edtica como el llamado Congreso Ideol\u00f3gico que desarrollar\u00e1n en el noviembre venidero.<\/p>\n<\/p>\n<p>Al respecto, convoc\u00f3 a fortalecer los principios para salir de ese congreso \u00abcon m\u00e1s lucidez y decisi\u00f3n, y tambi\u00e9n con m\u00e1s utop\u00eda\u00bb porque estamos convencidos que la gente necesita alimentar en su coraz\u00f3n el entusiasmo de la lucha.<\/p>\n<\/p>\n<p>Las fuerzas de izquierda \u00absomos los \u00fanicos capaces de abrir los caminos de transformaci\u00f3n hist\u00f3rica\u00bb, afirm\u00f3, y llam\u00f3 a transformar la fuerza pol\u00edtica para que \u00absea m\u00e1s transparente, m\u00e1s justa, eficiente y participativa\u00bb.<\/p>\n<\/p>\n<p>El \u00faltimo de los oradores, el m\u00e9dico Jos\u00e9 Bayardi, record\u00f3 que en las elecciones internas del 2012 votaron 170 mil afiliados a la organizaci\u00f3n y apunt\u00f3 que ahora \u00abse pretende horadar la legitimidad de las autoridades que vayan a surgir\u00bb.<\/p>\n<\/p>\n<p>Valor\u00f3 en ese sentido que el Frente Amplio es la \u00fanica fuerza pol\u00edtica del pa\u00eds y de muchas latitudes que \u00abestando en el gobierno, tiene, no la valent\u00eda, sino la necesidad de convocar a su gente para construir la direcci\u00f3n colectiva a trav\u00e9s de la participaci\u00f3n y el voto\u00bb.<\/p>\n<\/p>\n<p>Los uruguayos afiliados al FA podr\u00e1n acudir ma\u00f1ana a partir de las 09:00 y hasta las 19:00 hora local, a los mil 100 circuitos de votaci\u00f3n habilitados por todo el pa\u00eds para elegir a las nuevas autoridades nacionales, departamentales y de base.<\/p>\n<h6> 2016-07-23 15:03:40 <\/h6>\n<p><!--\n<link rel=\"stylesheet\" href=\"css\/bootstrap.min.css\">\n\n\n<ul class=\"pagination\">\n\t    \n\t\n\n<li >\n\t<a href='?page_no=18916'>Previous<\/a>\n\t<\/li>\n\n\n       \n    \n\n<li><a href='?page_no=1'>1<\/a><\/li>\n\n\n\n<li><a href='?page_no=2'>2<\/a><\/li>\n\n\n\n<li><a>...<\/a><\/li>\n\n\n\n<li><a href='?page_no=18915'>18915<\/a><\/li>\n\n\n\n<li><a href='?page_no=18916'>18916<\/a><\/li>\n\n\n\n<li class='active'><a>18917<\/a><\/li>\n\n\n\n<li><a href='?page_no=18918'>18918<\/a><\/li>\n\n\n\n<li><a href='?page_no=18919'>18919<\/a><\/li>\n\n\n\n<li><a>...<\/a><\/li>\n\n\n\n<li><a href='?page_no=51012'>51012<\/a><\/li>\n\n\n\n<li><a href='?page_no=51013'>51013<\/a><\/li>\n\n    \n\t\n\n<li >\n\t<a href='?page_no=18918'>Next<\/a>\n\t<\/li>\n\n\n    \n\n<li><a href='?page_no=51013'>Last &rsaquo;&rsaquo;<\/a><\/li>\n\n<\/ul>\n\n\n--><br \/>\n<\/body><\/p>\n","protected":false},"excerpt":{"rendered":"<p>Montevideo, 23 jul (PL) Con un llamado a la unidad y a fortalecer la estructura partidaria del Frente Amplio de Uruguay, los cuatros candidatos a la presidencia de esa fuerza pol\u00edtica concluyeron la campa\u00f1a para las elecciones internas de ma\u00f1ana domingo. En acto celebrado anoche en la Ciudad de la Costa, departamento de Canelones, Jos\u00e9 [&hellip;]<\/p>\n","protected":false},"author":3,"featured_media":0,"comment_status":"open","ping_status":"open","sticky":false,"template":"","format":"standard","meta":{"footnotes":""},"categories":[23],"tags":[],"class_list":["post-249272","post","type-post","status-publish","format-standard","hentry","category-internacional"],"_links":{"self":[{"href":"https:\/\/diariodominicano.com\/index.php?rest_route=\/wp\/v2\/posts\/249272","targetHints":{"allow":["GET"]}}],"collection":[{"href":"https:\/\/diariodominicano.com\/index.php?rest_route=\/wp\/v2\/posts"}],"about":[{"href":"https:\/\/diariodominicano.com\/index.php?rest_route=\/wp\/v2\/types\/post"}],"author":[{"embeddable":true,"href":"https:\/\/diariodominicano.com\/index.php?rest_route=\/wp\/v2\/users\/3"}],"replies":[{"embeddable":true,"href":"https:\/\/diariodominicano.com\/index.php?rest_route=%2Fwp%2Fv2%2Fcomments&post=249272"}],"version-history":[{"count":0,"href":"https:\/\/diariodominicano.com\/index.php?rest_route=\/wp\/v2\/posts\/249272\/revisions"}],"wp:attachment":[{"href":"https:\/\/diariodominicano.com\/index.php?rest_route=%2Fwp%2Fv2%2Fmedia&parent=249272"}],"wp:term":[{"taxonomy":"category","embeddable":true,"href":"https:\/\/diariodominicano.com\/index.php?rest_route=%2Fwp%2Fv2%2Fcategories&post=249272"},{"taxonomy":"post_tag","embeddable":true,"href":"https:\/\/diariodominicano.com\/index.php?rest_route=%2Fwp%2Fv2%2Ftags&post=249272"}],"curies":[{"name":"wp","href":"https:\/\/api.w.org\/{rel}","templated":true}]}}