{"id":249271,"date":"2016-07-23T15:09:28","date_gmt":"2016-07-23T15:09:28","guid":{"rendered":"http:\/\/diariodominicano.ddns.net\/?p=249271"},"modified":"2016-07-23T15:09:28","modified_gmt":"2016-07-23T15:09:28","slug":"ee-uu-clinton-elogia-a-cruz-por-negarle-su-apoyo-a-trump","status":"publish","type":"post","link":"https:\/\/diariodominicano.com\/?p=249271","title":{"rendered":"&#13;EE.UU: Clinton elogia a Cruz por negarle su apoyo a Trump"},"content":{"rendered":"<p><body><\/p>\n<p><img decoding=\"async\" src=\"img3\/clinton.jpg\" \/>  <\/p>\n<\/p>\n<p>Washington, 23 jul (PL) La virtual candidata dem\u00f3crata a la presidencia de Estados Unidos, Hillary Clinton, elogi\u00f3 hoy al senador republicano Ted Cruz por negarse a respaldar a su pol\u00e9mico correligionario Donald Trump.<\/p>\n<\/p>\n<p>La exsecretaria de Estado afirm\u00f3 que Cruz hizo lo correcto en la Convenci\u00f3n Nacional Republicana al llamar a votar seg\u00fan dicte la conciencia, opini\u00f3n abucheada por los partidarios del pol\u00e9mico candidato del \u00abGrand Old Party\u00bb.<\/p>\n<\/p>\n<p>\u00abAlgo va terriblemente mal cuando alguien invoca a la conciencia y es abucheado\u00bb, coment\u00f3 la tambi\u00e9n exsenadora por New York, quien tambi\u00e9n critic\u00f3 a Trump por creerse que \u00e9l solo puede arreglar los problemas de la naci\u00f3n.<\/p>\n<\/p>\n<p>En tal sentido, consider\u00f3 la visi\u00f3n del empresario \u00aboscura y divisiva\u00bb, pues estima que los estadounidenses necesitan ser rescatados por \u00e9l, postura nada democr\u00e1tica, seg\u00fan el criterio de Clinton, que hoy prosigue su campa\u00f1a por la Florida.<\/p>\n<h6> 2016-07-23 15:09:28 <\/h6>\n<p><!--\n<link rel=\"stylesheet\" href=\"css\/bootstrap.min.css\">\n\n\n<ul class=\"pagination\">\n\t    \n\t\n\n<li >\n\t<a href='?page_no=18915'>Previous<\/a>\n\t<\/li>\n\n\n       \n    \n\n<li><a href='?page_no=1'>1<\/a><\/li>\n\n\n\n<li><a href='?page_no=2'>2<\/a><\/li>\n\n\n\n<li><a>...<\/a><\/li>\n\n\n\n<li><a href='?page_no=18914'>18914<\/a><\/li>\n\n\n\n<li><a href='?page_no=18915'>18915<\/a><\/li>\n\n\n\n<li class='active'><a>18916<\/a><\/li>\n\n\n\n<li><a href='?page_no=18917'>18917<\/a><\/li>\n\n\n\n<li><a href='?page_no=18918'>18918<\/a><\/li>\n\n\n\n<li><a>...<\/a><\/li>\n\n\n\n<li><a href='?page_no=51012'>51012<\/a><\/li>\n\n\n\n<li><a href='?page_no=51013'>51013<\/a><\/li>\n\n    \n\t\n\n<li >\n\t<a href='?page_no=18917'>Next<\/a>\n\t<\/li>\n\n\n    \n\n<li><a href='?page_no=51013'>Last &rsaquo;&rsaquo;<\/a><\/li>\n\n<\/ul>\n\n\n--><br \/>\n<\/body><\/p>\n","protected":false},"excerpt":{"rendered":"<p>Washington, 23 jul (PL) La virtual candidata dem\u00f3crata a la presidencia de Estados Unidos, Hillary Clinton, elogi\u00f3 hoy al senador republicano Ted Cruz por negarse a respaldar a su pol\u00e9mico correligionario Donald Trump. La exsecretaria de Estado afirm\u00f3 que Cruz hizo lo correcto en la Convenci\u00f3n Nacional Republicana al llamar a votar seg\u00fan dicte la [&hellip;]<\/p>\n","protected":false},"author":3,"featured_media":0,"comment_status":"open","ping_status":"open","sticky":false,"template":"","format":"standard","meta":{"footnotes":""},"categories":[23],"tags":[],"class_list":["post-249271","post","type-post","status-publish","format-standard","hentry","category-internacional"],"_links":{"self":[{"href":"https:\/\/diariodominicano.com\/index.php?rest_route=\/wp\/v2\/posts\/249271","targetHints":{"allow":["GET"]}}],"collection":[{"href":"https:\/\/diariodominicano.com\/index.php?rest_route=\/wp\/v2\/posts"}],"about":[{"href":"https:\/\/diariodominicano.com\/index.php?rest_route=\/wp\/v2\/types\/post"}],"author":[{"embeddable":true,"href":"https:\/\/diariodominicano.com\/index.php?rest_route=\/wp\/v2\/users\/3"}],"replies":[{"embeddable":true,"href":"https:\/\/diariodominicano.com\/index.php?rest_route=%2Fwp%2Fv2%2Fcomments&post=249271"}],"version-history":[{"count":0,"href":"https:\/\/diariodominicano.com\/index.php?rest_route=\/wp\/v2\/posts\/249271\/revisions"}],"wp:attachment":[{"href":"https:\/\/diariodominicano.com\/index.php?rest_route=%2Fwp%2Fv2%2Fmedia&parent=249271"}],"wp:term":[{"taxonomy":"category","embeddable":true,"href":"https:\/\/diariodominicano.com\/index.php?rest_route=%2Fwp%2Fv2%2Fcategories&post=249271"},{"taxonomy":"post_tag","embeddable":true,"href":"https:\/\/diariodominicano.com\/index.php?rest_route=%2Fwp%2Fv2%2Ftags&post=249271"}],"curies":[{"name":"wp","href":"https:\/\/api.w.org\/{rel}","templated":true}]}}