{"id":249269,"date":"2016-07-23T15:18:49","date_gmt":"2016-07-23T15:18:49","guid":{"rendered":"http:\/\/diariodominicano.ddns.net\/?p=249269"},"modified":"2016-07-23T15:18:49","modified_gmt":"2016-07-23T15:18:49","slug":"ejercito-libanes-refuerza-seguridad-en-arsal-cerca-de-frontera-siria","status":"publish","type":"post","link":"https:\/\/diariodominicano.com\/?p=249269","title":{"rendered":"Ej\u00e9rcito liban\u00e9s refuerza seguridad en Arsal, cerca de frontera siria"},"content":{"rendered":"<p><body><\/p>\n<\/p>\n<p>Beirut, 23 jul (PL) Unidades de infanter\u00eda y patrullas motorizadas de las Fuerzas Armadas de El L\u00edbano intensificaron hoy los controles de seguridad en la localidad de Arsal, fronteriza con Siria y en cuyos alrededores arrestaron a varios ciudadanos sirios.<\/p>\n<\/p>\n<p>Efectivos libaneses realizaron redadas en distritos aleda\u00f1os a esa aldea y en las entradas de los campamentos de refugiados sirios, concretamente en Wadi al-Arnab, Wadi al-Hosn, Wadi al-Ata, Wadi al-Raayan, Wadi al-Jamala y Wadi al-Masyada, donde detuvieron a decenas de personas de esa nacionalidad.<\/p>\n<\/p>\n<p>Dentro de la regi\u00f3n de Al-Jamala, en las entradas del campamento de refugiados sirios, el ej\u00e9rcito liban\u00e9s realiz\u00f3 patrullajes y erigi\u00f3 un ret\u00e9n para controlar la circulaci\u00f3n de personas y veh\u00edculos.<\/p>\n<\/p>\n<p>Seg\u00fan testigos, los uniformados tambi\u00e9n establecieron puntos de control militar en otros distritos, a la par que iniciaron acciones para cerrar los cruces fronterizos a fin de impedir la infiltraci\u00f3n de indocumentados y, entre ellos, de presuntos terroristas islamistas.<\/p>\n<\/p>\n<p>Arsal, un poblado del noreste del valle de la Bekaa, fue asaltado el 2 de agosto de 2014 por elementos del Estado Isl\u00e1mico (EI) y el Frente Al-Nusra, filial de la red Al-Qaeda en Siria, y en los enfrentamientos armados murieron 19 polic\u00edas y soldados libaneses, mientras otros 86 resultaron heridos.<\/p>\n<\/p>\n<p>Los islamistas sufrieron alrededor de 100 bajas letales, pero en su huida se llevaron prisioneros a unos 35 efectivos nacionales, de los que ejecutaron a cuatro y Al-Nusra canje\u00f3 en diciembre pasado a 16, mientras los restantes siguen rehenes del EI.<\/p>\n<\/p>\n<p>De acuerdo con el peri\u00f3dico As Sharq Al-Awsat, las autoridades fueron informadas de una lista con nombres de 10 personas que una banda de sirios y libaneses pretend\u00eda asesinar en Arsal, incluido un jefe edil.<\/p>\n<\/p>\n<p>Entretanto, combatientes del movimiento de Resistencia Hizbulah bombardearon el jueves posiciones de los extremistas del DAESH, nombre \u00e1rabe del EI, en las afueras de la aldea de Qaa, tambi\u00e9n fronteriza con Siria y donde a finales de junio se registraron una serie de ocho atentados suicidas.<\/p>\n<\/p>\n<p>Fuentes de Hizbulah aseveraron que sus unidades emplearon lanzacohetes m\u00faltiples, artiller\u00eda pesada y ametralladores contra los fundamentalistas sunnitas del DAESH, a los que infligieron significativas bajas.<\/p>\n<\/p>\n<p>El mi\u00e9rcoles, la agrupaci\u00f3n chiita destruy\u00f3 un buld\u00f3cer del Frente Al-Nusra en la periferia de Arsal cuando trasladaba refuerzos de armas y hombres en la zona de Wadi al-Khayl.<\/p>\n<\/p>\n<p>Por otro lado, el ej\u00e9rcito nacional destruy\u00f3 puestos de Al-Nusra en Wadi al-Khayl y Khirbet Younin, en medio del bombardeo a las inmediaciones de Arsal, Ras Baalbek y Qaa.<\/p>\n<h6> 2016-07-23 15:18:49 <\/h6>\n<p><!--\n<link rel=\"stylesheet\" href=\"css\/bootstrap.min.css\">\n\n\n<ul class=\"pagination\">\n\t    \n\t\n\n<li >\n\t<a href='?page_no=18913'>Previous<\/a>\n\t<\/li>\n\n\n       \n    \n\n<li><a href='?page_no=1'>1<\/a><\/li>\n\n\n\n<li><a href='?page_no=2'>2<\/a><\/li>\n\n\n\n<li><a>...<\/a><\/li>\n\n\n\n<li><a href='?page_no=18912'>18912<\/a><\/li>\n\n\n\n<li><a href='?page_no=18913'>18913<\/a><\/li>\n\n\n\n<li class='active'><a>18914<\/a><\/li>\n\n\n\n<li><a href='?page_no=18915'>18915<\/a><\/li>\n\n\n\n<li><a href='?page_no=18916'>18916<\/a><\/li>\n\n\n\n<li><a>...<\/a><\/li>\n\n\n\n<li><a href='?page_no=51012'>51012<\/a><\/li>\n\n\n\n<li><a href='?page_no=51013'>51013<\/a><\/li>\n\n    \n\t\n\n<li >\n\t<a href='?page_no=18915'>Next<\/a>\n\t<\/li>\n\n\n    \n\n<li><a href='?page_no=51013'>Last &rsaquo;&rsaquo;<\/a><\/li>\n\n<\/ul>\n\n\n--><br \/>\n<\/body><\/p>\n","protected":false},"excerpt":{"rendered":"<p>Beirut, 23 jul (PL) Unidades de infanter\u00eda y patrullas motorizadas de las Fuerzas Armadas de El L\u00edbano intensificaron hoy los controles de seguridad en la localidad de Arsal, fronteriza con Siria y en cuyos alrededores arrestaron a varios ciudadanos sirios. Efectivos libaneses realizaron redadas en distritos aleda\u00f1os a esa aldea y en las entradas de [&hellip;]<\/p>\n","protected":false},"author":3,"featured_media":0,"comment_status":"open","ping_status":"open","sticky":false,"template":"","format":"standard","meta":{"footnotes":""},"categories":[23],"tags":[],"class_list":["post-249269","post","type-post","status-publish","format-standard","hentry","category-internacional"],"_links":{"self":[{"href":"https:\/\/diariodominicano.com\/index.php?rest_route=\/wp\/v2\/posts\/249269","targetHints":{"allow":["GET"]}}],"collection":[{"href":"https:\/\/diariodominicano.com\/index.php?rest_route=\/wp\/v2\/posts"}],"about":[{"href":"https:\/\/diariodominicano.com\/index.php?rest_route=\/wp\/v2\/types\/post"}],"author":[{"embeddable":true,"href":"https:\/\/diariodominicano.com\/index.php?rest_route=\/wp\/v2\/users\/3"}],"replies":[{"embeddable":true,"href":"https:\/\/diariodominicano.com\/index.php?rest_route=%2Fwp%2Fv2%2Fcomments&post=249269"}],"version-history":[{"count":0,"href":"https:\/\/diariodominicano.com\/index.php?rest_route=\/wp\/v2\/posts\/249269\/revisions"}],"wp:attachment":[{"href":"https:\/\/diariodominicano.com\/index.php?rest_route=%2Fwp%2Fv2%2Fmedia&parent=249269"}],"wp:term":[{"taxonomy":"category","embeddable":true,"href":"https:\/\/diariodominicano.com\/index.php?rest_route=%2Fwp%2Fv2%2Fcategories&post=249269"},{"taxonomy":"post_tag","embeddable":true,"href":"https:\/\/diariodominicano.com\/index.php?rest_route=%2Fwp%2Fv2%2Ftags&post=249269"}],"curies":[{"name":"wp","href":"https:\/\/api.w.org\/{rel}","templated":true}]}}