{"id":249268,"date":"2016-07-23T15:22:27","date_gmt":"2016-07-23T15:22:27","guid":{"rendered":"http:\/\/diariodominicano.ddns.net\/?p=249268"},"modified":"2016-07-23T15:22:27","modified_gmt":"2016-07-23T15:22:27","slug":"china-defiende-creacion-de-nuevo-sistema-fiscal-internacional","status":"publish","type":"post","link":"https:\/\/diariodominicano.com\/?p=249268","title":{"rendered":"&#13;China defiende creaci\u00f3n de nuevo sistema fiscal internacional"},"content":{"rendered":"<p><body><\/p>\n<p><img decoding=\"async\" src=\"img3\/g20.jpg\" \/>  <\/p>\n<\/p>\n<p><span class=\"text1noticias\">  <\/span><\/p>\n<p><span class=\"text1noticias\">Beijing 23 jul (PL) China inst\u00f3 hoy a los pa\u00edses miembros del G20 a apoyar la creaci\u00f3n de un nuevo sistema fiscal mundial.<\/span><\/p>\n<\/p>\n<p><span class=\"text1noticias\">El Ministro de Hacienda chino, Lou Jiwei, dijo adem\u00e1s que el grupo debe desempe\u00f1ar un rol de liderazgo en la mejora de la gobernanza tributaria internacional.<\/span><\/p>\n<\/p>\n<p><span class=\"text1noticias\">Lou se\u00f1al\u00f3 que la eficacia de las pol\u00edticas fiscales y monetarias disminuye a nivel internacional.<\/span><\/p>\n<\/p>\n<p><span class=\"text1noticias\">Asimismo, exhort\u00f3 a las principales econom\u00edas a que fortalezcan la coordinaci\u00f3n para promover un crecimiento equilibrado y sostenible.<\/span><\/p>\n<\/p>\n<p><span class=\"text1noticias\">El funcionario chino hizo sus declaraciones durante un encuentro de ministros de Hacienda y gobernadores de bancos centrales del G20 que concluy\u00f3 en la provincia de Sishuan.<\/span><\/p>\n<\/p>\n<p><span class=\"text1noticias\">Recientemente, finaliz\u00f3 la reuni\u00f3n de Ministros de Trabajo y Empleo del G20 con la adopci\u00f3n del Plan de Acci\u00f3n sobre el Esp\u00edritu Emprendedor el cual potencia la innovaci\u00f3n en los j\u00f3venes.<\/span><\/p>\n<\/p>\n<p><span class=\"text1noticias\">Los Ministros de Comercio del grupo tambi\u00e9n se encontraron y adoptaron medidas para tratar el exceso de capacidad global <\/span><\/p>\n<\/p>\n<p><span class=\"text1noticias\">Estas citas ministeriales se celebran para reforzar la Cumbre del G20 que se realizar\u00e1 en los primeros d\u00edas de septiembre en la provincia china de Hangzhou.<\/span><\/p>\n<\/p>\n<h6> 2016-07-23 15:22:27 <\/h6>\n<p><!--\n<link rel=\"stylesheet\" href=\"css\/bootstrap.min.css\">\n\n\n<ul class=\"pagination\">\n\t    \n\t\n\n<li >\n\t<a href='?page_no=18912'>Previous<\/a>\n\t<\/li>\n\n\n       \n    \n\n<li><a href='?page_no=1'>1<\/a><\/li>\n\n\n\n<li><a href='?page_no=2'>2<\/a><\/li>\n\n\n\n<li><a>...<\/a><\/li>\n\n\n\n<li><a href='?page_no=18911'>18911<\/a><\/li>\n\n\n\n<li><a href='?page_no=18912'>18912<\/a><\/li>\n\n\n\n<li class='active'><a>18913<\/a><\/li>\n\n\n\n<li><a href='?page_no=18914'>18914<\/a><\/li>\n\n\n\n<li><a href='?page_no=18915'>18915<\/a><\/li>\n\n\n\n<li><a>...<\/a><\/li>\n\n\n\n<li><a href='?page_no=51012'>51012<\/a><\/li>\n\n\n\n<li><a href='?page_no=51013'>51013<\/a><\/li>\n\n    \n\t\n\n<li >\n\t<a href='?page_no=18914'>Next<\/a>\n\t<\/li>\n\n\n    \n\n<li><a href='?page_no=51013'>Last &rsaquo;&rsaquo;<\/a><\/li>\n\n<\/ul>\n\n\n--><br \/>\n<\/body><\/p>\n","protected":false},"excerpt":{"rendered":"<p>Beijing 23 jul (PL) China inst\u00f3 hoy a los pa\u00edses miembros del G20 a apoyar la creaci\u00f3n de un nuevo sistema fiscal mundial. El Ministro de Hacienda chino, Lou Jiwei, dijo adem\u00e1s que el grupo debe desempe\u00f1ar un rol de liderazgo en la mejora de la gobernanza tributaria internacional. Lou se\u00f1al\u00f3 que la eficacia de [&hellip;]<\/p>\n","protected":false},"author":3,"featured_media":0,"comment_status":"open","ping_status":"open","sticky":false,"template":"","format":"standard","meta":{"footnotes":""},"categories":[23],"tags":[],"class_list":["post-249268","post","type-post","status-publish","format-standard","hentry","category-internacional"],"_links":{"self":[{"href":"https:\/\/diariodominicano.com\/index.php?rest_route=\/wp\/v2\/posts\/249268","targetHints":{"allow":["GET"]}}],"collection":[{"href":"https:\/\/diariodominicano.com\/index.php?rest_route=\/wp\/v2\/posts"}],"about":[{"href":"https:\/\/diariodominicano.com\/index.php?rest_route=\/wp\/v2\/types\/post"}],"author":[{"embeddable":true,"href":"https:\/\/diariodominicano.com\/index.php?rest_route=\/wp\/v2\/users\/3"}],"replies":[{"embeddable":true,"href":"https:\/\/diariodominicano.com\/index.php?rest_route=%2Fwp%2Fv2%2Fcomments&post=249268"}],"version-history":[{"count":0,"href":"https:\/\/diariodominicano.com\/index.php?rest_route=\/wp\/v2\/posts\/249268\/revisions"}],"wp:attachment":[{"href":"https:\/\/diariodominicano.com\/index.php?rest_route=%2Fwp%2Fv2%2Fmedia&parent=249268"}],"wp:term":[{"taxonomy":"category","embeddable":true,"href":"https:\/\/diariodominicano.com\/index.php?rest_route=%2Fwp%2Fv2%2Fcategories&post=249268"},{"taxonomy":"post_tag","embeddable":true,"href":"https:\/\/diariodominicano.com\/index.php?rest_route=%2Fwp%2Fv2%2Ftags&post=249268"}],"curies":[{"name":"wp","href":"https:\/\/api.w.org\/{rel}","templated":true}]}}