{"id":249267,"date":"2016-07-23T15:26:17","date_gmt":"2016-07-23T15:26:17","guid":{"rendered":"http:\/\/diariodominicano.ddns.net\/?p=249267"},"modified":"2016-07-23T15:26:17","modified_gmt":"2016-07-23T15:26:17","slug":"atentados-en-afganistan-causan-61-muertos-y-207-heridos","status":"publish","type":"post","link":"https:\/\/diariodominicano.com\/?p=249267","title":{"rendered":"&#13;Atentados en Afganist\u00e1n causan 61 muertos y 207 heridos&#13;"},"content":{"rendered":"<p><body><\/p>\n<p>Una declaraci\u00f3n de esa cartera apunt\u00f3 que la cifra de fallecidos podr\u00eda aumentar, dada la gravedad de varios de los heridos y agreg\u00f3 que es muy pronto para identificar a las v\u00edctimas y contabilizar el n\u00famero de mujeres u hombres.<\/p>\n<\/p>\n<p>Los suicidas detonaron los explosivos al interior de una manifestaci\u00f3n de la minor\u00eda \u00e9tnica hazara, que es por dem\u00e1s de confesi\u00f3n shiita, una de las sectas derivadas del islam.<\/p>\n<\/p>\n<p>El motivo de la protesta fue un proyecto gubernamental de red el\u00e9ctrica que abarca varias ciudades pero excluye a Bamiy\u00e1n, provincia donde se concentran los hazara.<\/p>\n<\/p>\n<p>A prop\u00f3sito de los atentados, el presidente Ashraf Ghani apunt\u00f3 que entre los muertos se encuentran efectivos de seguridad del gobierno.<\/p>\n<\/p>\n<p>Un vocero gubernamental, Abdullah Abdullah, conden\u00f3 al movimiento Talib\u00e1n inicialmente, pero el portavoz de esa organizaci\u00f3n inseurgente, Zabihullah Mujahid, aclar\u00f3 que no tuvieron perticipaci\u00f3n en las explosiones.<\/p>\n<\/p>\n<p>Mientras, los irregulares del Estado isl\u00e1mico reivindicaron el atentado a trav\u00e9s de sus medios de comunicaci\u00f3n.<\/p>\n<h6> 2016-07-23 15:26:17 <\/h6>\n<p><!--\n<link rel=\"stylesheet\" href=\"css\/bootstrap.min.css\">\n\n\n<ul class=\"pagination\">\n\t    \n\t\n\n<li >\n\t<a href='?page_no=18911'>Previous<\/a>\n\t<\/li>\n\n\n       \n    \n\n<li><a href='?page_no=1'>1<\/a><\/li>\n\n\n\n<li><a href='?page_no=2'>2<\/a><\/li>\n\n\n\n<li><a>...<\/a><\/li>\n\n\n\n<li><a href='?page_no=18910'>18910<\/a><\/li>\n\n\n\n<li><a href='?page_no=18911'>18911<\/a><\/li>\n\n\n\n<li class='active'><a>18912<\/a><\/li>\n\n\n\n<li><a href='?page_no=18913'>18913<\/a><\/li>\n\n\n\n<li><a href='?page_no=18914'>18914<\/a><\/li>\n\n\n\n<li><a>...<\/a><\/li>\n\n\n\n<li><a href='?page_no=51012'>51012<\/a><\/li>\n\n\n\n<li><a href='?page_no=51013'>51013<\/a><\/li>\n\n    \n\t\n\n<li >\n\t<a href='?page_no=18913'>Next<\/a>\n\t<\/li>\n\n\n    \n\n<li><a href='?page_no=51013'>Last &rsaquo;&rsaquo;<\/a><\/li>\n\n<\/ul>\n\n\n--><br \/>\n<\/body><\/p>\n","protected":false},"excerpt":{"rendered":"<p>Una declaraci\u00f3n de esa cartera apunt\u00f3 que la cifra de fallecidos podr\u00eda aumentar, dada la gravedad de varios de los heridos y agreg\u00f3 que es muy pronto para identificar a las v\u00edctimas y contabilizar el n\u00famero de mujeres u hombres. Los suicidas detonaron los explosivos al interior de una manifestaci\u00f3n de la minor\u00eda \u00e9tnica hazara, [&hellip;]<\/p>\n","protected":false},"author":3,"featured_media":0,"comment_status":"open","ping_status":"open","sticky":false,"template":"","format":"standard","meta":{"footnotes":""},"categories":[23],"tags":[],"class_list":["post-249267","post","type-post","status-publish","format-standard","hentry","category-internacional"],"_links":{"self":[{"href":"https:\/\/diariodominicano.com\/index.php?rest_route=\/wp\/v2\/posts\/249267","targetHints":{"allow":["GET"]}}],"collection":[{"href":"https:\/\/diariodominicano.com\/index.php?rest_route=\/wp\/v2\/posts"}],"about":[{"href":"https:\/\/diariodominicano.com\/index.php?rest_route=\/wp\/v2\/types\/post"}],"author":[{"embeddable":true,"href":"https:\/\/diariodominicano.com\/index.php?rest_route=\/wp\/v2\/users\/3"}],"replies":[{"embeddable":true,"href":"https:\/\/diariodominicano.com\/index.php?rest_route=%2Fwp%2Fv2%2Fcomments&post=249267"}],"version-history":[{"count":0,"href":"https:\/\/diariodominicano.com\/index.php?rest_route=\/wp\/v2\/posts\/249267\/revisions"}],"wp:attachment":[{"href":"https:\/\/diariodominicano.com\/index.php?rest_route=%2Fwp%2Fv2%2Fmedia&parent=249267"}],"wp:term":[{"taxonomy":"category","embeddable":true,"href":"https:\/\/diariodominicano.com\/index.php?rest_route=%2Fwp%2Fv2%2Fcategories&post=249267"},{"taxonomy":"post_tag","embeddable":true,"href":"https:\/\/diariodominicano.com\/index.php?rest_route=%2Fwp%2Fv2%2Ftags&post=249267"}],"curies":[{"name":"wp","href":"https:\/\/api.w.org\/{rel}","templated":true}]}}