{"id":249266,"date":"2016-07-23T15:29:14","date_gmt":"2016-07-23T15:29:14","guid":{"rendered":"http:\/\/diariodominicano.ddns.net\/?p=249266"},"modified":"2016-07-23T15:29:14","modified_gmt":"2016-07-23T15:29:14","slug":"austria-refuerza-seguridad-tras-oleada-terrorista","status":"publish","type":"post","link":"https:\/\/diariodominicano.com\/?p=249266","title":{"rendered":"Austria refuerza seguridad tras oleada terrorista\t&#13;"},"content":{"rendered":"<p><body><\/p>\n<p><img decoding=\"async\" src=\"img3\/wolfgang-sobotka.jpg\" \/>  <\/p>\n<\/p>\n<p>Viena, 23 jul (PL) El Gobierno de Austria aumentar\u00e1 sus medidas de seguridad tras la oleada de atentados terroristas en el continente europeo, confirm\u00f3 hoy el ministro del Interior austr\u00edaco, Wolfgang Sobotka.<\/p>\n<\/p>\n<p>\u00abEl terrorismo en Europa debe ser combatido por todos los Estados. Pero no debe llevar a una paralizaci\u00f3n de la sociedad y la vida p\u00fablica\u00bb, indic\u00f3 el titular mediante un comunicado.<\/p>\n<\/p>\n<p>Dentro de las nuevas disposiciones destaca la propuesta de incrementar la presencia policial \u00absobre todo en puntos neur\u00e1lgicos como estaciones de trenes, aeropuertos y otros lugares p\u00fablicos especialmente frecuentados\u00bb, dijo.<\/p>\n<\/p>\n<p>Adem\u00e1s, Sobotka exigi\u00f3 una mayor vigilancia de objetivos y actos p\u00fablicos con tendencia a convertirse en blanco de atentados terroristas, en coordinaci\u00f3n con el director general de Seguridad P\u00fablica.<\/p>\n<\/p>\n<p>Tambi\u00e9n pidi\u00f3 mayor disponibilidad de unidades especiales, como la antiterrorista Cobra, entre otras medidas a tener en cuenta para contrarrestar un posible siniestro.<\/p>\n<\/p>\n<p>Por \u00faltimo, Sobotka admiti\u00f3 que lo sucedido ayer en Munich (Alemania) -donde un adolescente asesin\u00f3 a 10 personas y luego se suicid\u00f3- tambi\u00e9n podr\u00eda pasarle a Austria, aunque exhort\u00f3 a los ciudadanos a no dejar que el p\u00e1nico y la incertidumbre les impidan realizar sus labores diarias.<\/p>\n<\/p>\n<p>\u00abContra ese tipo de terroristas o criminales es muy dif\u00edcil protegerse\u00bb, concluy\u00f3.<\/p>\n<h6> 2016-07-23 15:29:14 <\/h6>\n<p><!--\n<link rel=\"stylesheet\" href=\"css\/bootstrap.min.css\">\n\n\n<ul class=\"pagination\">\n\t    \n\t\n\n<li >\n\t<a href='?page_no=18910'>Previous<\/a>\n\t<\/li>\n\n\n       \n    \n\n<li><a href='?page_no=1'>1<\/a><\/li>\n\n\n\n<li><a href='?page_no=2'>2<\/a><\/li>\n\n\n\n<li><a>...<\/a><\/li>\n\n\n\n<li><a href='?page_no=18909'>18909<\/a><\/li>\n\n\n\n<li><a href='?page_no=18910'>18910<\/a><\/li>\n\n\n\n<li class='active'><a>18911<\/a><\/li>\n\n\n\n<li><a href='?page_no=18912'>18912<\/a><\/li>\n\n\n\n<li><a href='?page_no=18913'>18913<\/a><\/li>\n\n\n\n<li><a>...<\/a><\/li>\n\n\n\n<li><a href='?page_no=51012'>51012<\/a><\/li>\n\n\n\n<li><a href='?page_no=51013'>51013<\/a><\/li>\n\n    \n\t\n\n<li >\n\t<a href='?page_no=18912'>Next<\/a>\n\t<\/li>\n\n\n    \n\n<li><a href='?page_no=51013'>Last &rsaquo;&rsaquo;<\/a><\/li>\n\n<\/ul>\n\n\n--><br \/>\n<\/body><\/p>\n","protected":false},"excerpt":{"rendered":"<p>Viena, 23 jul (PL) El Gobierno de Austria aumentar\u00e1 sus medidas de seguridad tras la oleada de atentados terroristas en el continente europeo, confirm\u00f3 hoy el ministro del Interior austr\u00edaco, Wolfgang Sobotka. \u00abEl terrorismo en Europa debe ser combatido por todos los Estados. Pero no debe llevar a una paralizaci\u00f3n de la sociedad y la [&hellip;]<\/p>\n","protected":false},"author":3,"featured_media":0,"comment_status":"open","ping_status":"open","sticky":false,"template":"","format":"standard","meta":{"footnotes":""},"categories":[23],"tags":[],"class_list":["post-249266","post","type-post","status-publish","format-standard","hentry","category-internacional"],"_links":{"self":[{"href":"https:\/\/diariodominicano.com\/index.php?rest_route=\/wp\/v2\/posts\/249266","targetHints":{"allow":["GET"]}}],"collection":[{"href":"https:\/\/diariodominicano.com\/index.php?rest_route=\/wp\/v2\/posts"}],"about":[{"href":"https:\/\/diariodominicano.com\/index.php?rest_route=\/wp\/v2\/types\/post"}],"author":[{"embeddable":true,"href":"https:\/\/diariodominicano.com\/index.php?rest_route=\/wp\/v2\/users\/3"}],"replies":[{"embeddable":true,"href":"https:\/\/diariodominicano.com\/index.php?rest_route=%2Fwp%2Fv2%2Fcomments&post=249266"}],"version-history":[{"count":0,"href":"https:\/\/diariodominicano.com\/index.php?rest_route=\/wp\/v2\/posts\/249266\/revisions"}],"wp:attachment":[{"href":"https:\/\/diariodominicano.com\/index.php?rest_route=%2Fwp%2Fv2%2Fmedia&parent=249266"}],"wp:term":[{"taxonomy":"category","embeddable":true,"href":"https:\/\/diariodominicano.com\/index.php?rest_route=%2Fwp%2Fv2%2Fcategories&post=249266"},{"taxonomy":"post_tag","embeddable":true,"href":"https:\/\/diariodominicano.com\/index.php?rest_route=%2Fwp%2Fv2%2Ftags&post=249266"}],"curies":[{"name":"wp","href":"https:\/\/api.w.org\/{rel}","templated":true}]}}