{"id":249265,"date":"2016-07-24T10:32:07","date_gmt":"2016-07-24T10:32:07","guid":{"rendered":"http:\/\/diariodominicano.ddns.net\/?p=249265"},"modified":"2016-07-24T10:32:07","modified_gmt":"2016-07-24T10:32:07","slug":"persisten-las-sombras-sobre-el-tiroteo-de-munich","status":"publish","type":"post","link":"https:\/\/diariodominicano.com\/?p=249265","title":{"rendered":"Persisten las sombras sobre el tiroteo de M\u00fanich"},"content":{"rendered":"<p><body><\/p>\n<p><img decoding=\"async\" src=\"img3\/380af0e00242e619950b02690b53426fb7696175.jpg\" \/><br \/><img decoding=\"async\" src=\"img3\/6cab6da81fc03db39c3e895ebb34408fb82e2b6d.jpg\" \/><br \/><img decoding=\"async\" src=\"img3\/24296be9fbb9f969c822d4346dd7ec5569e2e40c.jpg\" \/>  <\/p>\n<p><strong>La sombra de varias personas ante el homenaje improvisado en forma de velas y flores a las v\u00edctimas del tiroteo en un centro comercial de M\u00fanich, sur de Alemania, el 24 de julio de 2016<\/strong><\/p>\n<\/p>\n<p>24 Jul 2016<\/p>\n<\/p>\n<p>DPA\/AFP \/ Karl-Josef Hildenbrand<\/p>\n<p>La sombra de varias personas ante el homenaje improvisado en forma de velas y flores a las v\u00edctimas del tiroteo en un centro comercial de M\u00fanich, sur de Alemania, el 24 de julio de 2016<\/p>\n<p>La polic\u00eda intenta aclarar los aspectos oscuros de las motivaciones del autor del tiroteo de M\u00fanich, un joven psicol\u00f3gicamente fr\u00e1gil, fascinado por las matanzas masivas, que seg\u00fan informaciones de la prensa sufri\u00f3 acoso escolar.<\/p>\n<p>\u00bfPor qu\u00e9 pas\u00f3 a la acci\u00f3n? \u00bfEligi\u00f3 a sus v\u00edctimas al azar o en base a un plan y c\u00f3mo se procuro el arma y las municiones? Varias preguntas siguen sin respuesta.<\/p>\n<p>El joven prepar\u00f3 el ataque \u00abdurante un a\u00f1o\u00bb, indic\u00f3 este domingo el jefe de la polic\u00eda de de la regi\u00f3n de Baviera, Robert Heimberger, en una conferencia de prensa.<\/p>\n<p>Est\u00e1 comprobado que David Ali Sonboly, el joven germano-iran\u00ed de 18 a\u00f1os aquejado de trastornos psiqui\u00e1tricos, premedit\u00f3 su acci\u00f3n y tendi\u00f3 una trampa a sus v\u00edctimas desde Facebook.<\/p>\n<p>Mat\u00f3 a nueve personas, la mayor\u00eda adolescentes, e hiri\u00f3 a 35 m\u00e1s, 11 de las cuales est\u00e1n graves, seg\u00fan el \u00faltimo balance policial de este domingo.<\/p>\n<p>Algunos de los heridos fueron leves, personas que se cayeron cuando intentaban huir del lugar.<\/p>\n<p>Entre los muertos figuran un turco, dos germanos-turcos, dos alemanes, un h\u00fangaro, un kosovar, un griego y un ap\u00e1trida, seg\u00fan la informaci\u00f3n policial.<\/p>\n<p>Precisamente, el diario Bild adelant\u00f3 la hip\u00f3tesis de que el atacante sufr\u00eda acoso escolar, sobre todo por parte de estudiantes de origen turco.<\/p>\n<p>Esta tragedia sembr\u00f3 el terror en la capital b\u00e1vara, en el sur de Alemania, donde se despleg\u00f3 durante varias horas un dispositivo policial sin precedentes, con unos 2.300 efectivos, por miedo a que se tratara de un acto terrorista.<\/p>\n<p>Tambi\u00e9n ha hecho aflorar un debate sobre el endurecimiento de la legislaci\u00f3n en materia de armas en Alemania.<\/p>\n<p>David Ali Sonboly naci\u00f3 en M\u00fanich, de padres llegados a Alemania a finales de los a\u00f1os &#8217;90 como solicitantes de asilo.<\/p>\n<p>El viernes abri\u00f3 fuego contra un grupo de personas frente a un restaurante de comida r\u00e1pida y luego en un centro comercial. El joven se suicid\u00f3 cuando la polic\u00eda lo buscaba.<\/p>\n<p>&#8211; La misma arma que Breivik &#8211;<\/p>\n<\/p>\n<p>DPA\/AFP \/ Karl-Josef Hildenbrand<\/p>\n<p>Un guante desechable junto al centro comercial de M\u00fanich donde un joven mat\u00f3 a nueve personas y dej\u00f3 16 heridas, el 24 de julio de 2016, dos d\u00edas despu\u00e9s del suceso<\/p>\n<p>En su mochila, la polic\u00eda encontr\u00f3 unas 300 municiones, por lo que el balance hubiera podido ser mucho m\u00e1s grave.<\/p>\n<p>La polic\u00eda deber\u00e1 determinar c\u00f3mo se pudo procurar el arma, una pistola Glock 17 calibre 9 mm comprada de modo ilegal: el n\u00famero de serie estaba limado.<\/p>\n<p>Este hecho ha abierto en Alemania un debate sobre el endurecimiento de la legislaci\u00f3n en materia de armas de fuego.<\/p>\n<p>\u00abDebemos examinar con gran detenimiento si es necesario legislar y en qu\u00e9 puntos precisos\u00bb, declar\u00f3 el ministro de Interior, Thomas de Maizi\u00e8re, en la edici\u00f3n dominical del diario Bild.<\/p>\n<p>El vicecanciller alem\u00e1n, Sigmar Gabriel, inst\u00f3 enseguida a hacer todo lo necesario \u00abpara restringir el acceso a las armas letales y controlarlo estrictamente\u00bb, dijo al grupo de prensa Funke.<\/p>\n<p>El joven, que viv\u00eda con sus padres en una vivienda social ten\u00eda obsesi\u00f3n con las matanzas masivas. Los polic\u00edas encontraron en su cuarto documentos sobre el noruego Anders Behring Breivik, que abati\u00f3 a 77 personas, sobre todo j\u00f3venes, en 2011.<\/p>\n<\/p>\n<p>AFP \/ Tobias Schwarz<\/p>\n<p>El ministro del Interior alem\u00e1n, Thomas de Maiziere, en rueda de prensa en Berl\u00edn el 23 de julio de 2016, un d\u00eda despu\u00e9s del ataque que tuvo lugar en M\u00fanich, donde un joven mat\u00f3 a nueve personas y dej\u00f3 16 heridas<\/p>\n<p>Por otra parte, el diario Bild destaca que el arma empleada en M\u00fanich es como la que utiliz\u00f3 Breivik, aunque se trata de una pistola muy corriente.<\/p>\n<p>Actu\u00f3 solo y tendi\u00f3 una trampa a las v\u00edctimas despu\u00e9s de \u00abpiratear\u00bb la cuenta de Facebook de una joven: les prometi\u00f3 descuentos en una hamburgueser\u00eda del centro comercial. \u00abUn modo de actuar particularmente p\u00e9rfido\u00bb, coment\u00f3 De Maizi\u00e8re.<\/p>\n<p>&#8211; Acoso en la escuela &#8211;<\/p>\n<p>Las autoridades revelaron que el asesino fue v\u00edctima de acoso. Bild emite la hip\u00f3tesis de que se pudo cebar con j\u00f3venes extranjeros porque era maltratado en su escuela, sobre todo por turcos.<\/p>\n<p>Al joven le gustaban los videojuegos violentos, un elemento que seg\u00fan el ministro de Interior \u00abtuvo un papel\u00bb en este caso.<\/p>\n<p>M\u00fanich se encontr\u00f3 en estado de sitio varias horas porque la polic\u00eda tem\u00eda que estuvieran fugados varios tiradores.<\/p>\n<p>Alemania segu\u00eda conmocionada. La matanza se produjo cuatro d\u00edas despu\u00e9s de un ataque con hacha en un tren regional de Baviera, cometido por un joven yihadista de 17 a\u00f1os.<\/p>\n<p>Adem\u00e1s, llega en un contexto de fuertes temores en Europa, alimentados por los riesgos de atentados.<\/p>\n<h6> 2016-07-24 10:32:07 <\/h6>\n<p><!--\n<link rel=\"stylesheet\" href=\"css\/bootstrap.min.css\">\n\n\n<ul class=\"pagination\">\n\t    \n\t\n\n<li >\n\t<a href='?page_no=18909'>Previous<\/a>\n\t<\/li>\n\n\n       \n    \n\n<li><a href='?page_no=1'>1<\/a><\/li>\n\n\n\n<li><a href='?page_no=2'>2<\/a><\/li>\n\n\n\n<li><a>...<\/a><\/li>\n\n\n\n<li><a href='?page_no=18908'>18908<\/a><\/li>\n\n\n\n<li><a href='?page_no=18909'>18909<\/a><\/li>\n\n\n\n<li class='active'><a>18910<\/a><\/li>\n\n\n\n<li><a href='?page_no=18911'>18911<\/a><\/li>\n\n\n\n<li><a href='?page_no=18912'>18912<\/a><\/li>\n\n\n\n<li><a>...<\/a><\/li>\n\n\n\n<li><a href='?page_no=51012'>51012<\/a><\/li>\n\n\n\n<li><a href='?page_no=51013'>51013<\/a><\/li>\n\n    \n\t\n\n<li >\n\t<a href='?page_no=18911'>Next<\/a>\n\t<\/li>\n\n\n    \n\n<li><a href='?page_no=51013'>Last &rsaquo;&rsaquo;<\/a><\/li>\n\n<\/ul>\n\n\n--><br \/>\n<\/body><\/p>\n","protected":false},"excerpt":{"rendered":"<p>La sombra de varias personas ante el homenaje improvisado en forma de velas y flores a las v\u00edctimas del tiroteo en un centro comercial de M\u00fanich, sur de Alemania, el 24 de julio de 2016 24 Jul 2016 DPA\/AFP \/ Karl-Josef Hildenbrand La sombra de varias personas ante el homenaje improvisado en forma de velas [&hellip;]<\/p>\n","protected":false},"author":3,"featured_media":0,"comment_status":"open","ping_status":"open","sticky":false,"template":"","format":"standard","meta":{"footnotes":""},"categories":[23],"tags":[],"class_list":["post-249265","post","type-post","status-publish","format-standard","hentry","category-internacional"],"_links":{"self":[{"href":"https:\/\/diariodominicano.com\/index.php?rest_route=\/wp\/v2\/posts\/249265","targetHints":{"allow":["GET"]}}],"collection":[{"href":"https:\/\/diariodominicano.com\/index.php?rest_route=\/wp\/v2\/posts"}],"about":[{"href":"https:\/\/diariodominicano.com\/index.php?rest_route=\/wp\/v2\/types\/post"}],"author":[{"embeddable":true,"href":"https:\/\/diariodominicano.com\/index.php?rest_route=\/wp\/v2\/users\/3"}],"replies":[{"embeddable":true,"href":"https:\/\/diariodominicano.com\/index.php?rest_route=%2Fwp%2Fv2%2Fcomments&post=249265"}],"version-history":[{"count":0,"href":"https:\/\/diariodominicano.com\/index.php?rest_route=\/wp\/v2\/posts\/249265\/revisions"}],"wp:attachment":[{"href":"https:\/\/diariodominicano.com\/index.php?rest_route=%2Fwp%2Fv2%2Fmedia&parent=249265"}],"wp:term":[{"taxonomy":"category","embeddable":true,"href":"https:\/\/diariodominicano.com\/index.php?rest_route=%2Fwp%2Fv2%2Fcategories&post=249265"},{"taxonomy":"post_tag","embeddable":true,"href":"https:\/\/diariodominicano.com\/index.php?rest_route=%2Fwp%2Fv2%2Ftags&post=249265"}],"curies":[{"name":"wp","href":"https:\/\/api.w.org\/{rel}","templated":true}]}}