{"id":249264,"date":"2016-07-25T09:24:23","date_gmt":"2016-07-25T09:24:23","guid":{"rendered":"http:\/\/diariodominicano.ddns.net\/?p=249264"},"modified":"2016-07-25T09:24:23","modified_gmt":"2016-07-25T09:24:23","slug":"rusia-mantiene-propuestas-de-cooperacion-con-otan-sobre-seguridad","status":"publish","type":"post","link":"https:\/\/diariodominicano.com\/?p=249264","title":{"rendered":"Rusia mantiene propuestas de cooperaci\u00f3n con OTAN sobre seguridad"},"content":{"rendered":"<p><body><\/p>\n<p><img decoding=\"async\" src=\"img3\/alexei-meshkov25-7.jpg\" \/>  <\/p>\n<p><span class=\"text1noticias\">Mosc\u00fa, 25 jul (PL) El viceministro de Asuntos Exteriores Alex\u00e9i Meshkov ratific\u00f3 hoy la voluntad de Rusia de restablecer los mecanismos de cooperaci\u00f3n con la Organizaci\u00f3n del Tratado del Atl\u00e1ntico Norte (OTAN) en temas de seguridad global, pero en condiciones de equidad.<\/span><\/p>\n<p><span class=\"text1noticias\"> <\/span><\/p>\n<p><span class=\"text1noticias\">Afirm\u00f3 el vicecanciller que Mosc\u00fa en m\u00e1s de una ocasi\u00f3n reiter\u00f3 la disposici\u00f3n a renovar una colaboraci\u00f3n con la OTAN bajo principios de la igualdad, y dijo confiar en una predisposici\u00f3n positiva de la alianza.<\/span><\/p>\n<p><span class=\"text1noticias\"> <\/span><\/p>\n<p><span class=\"text1noticias\">Entre los temas de mayor urgencia e inter\u00e9s para Rusia descuellan la estabilidad en Afganist\u00e1n (por cuesti\u00f3n de seguridad en el sur de las fronteras rusas), la seguridad de los vuelos civiles y la lucha contra el terrorismo internacional, una de las m\u00e1s grandes amenazas globales en la actualidad.<\/span><\/p>\n<p><span class=\"text1noticias\"> <\/span><\/p>\n<p><span class=\"text1noticias\">A juicio del viceministro ruso, la cuesti\u00f3n depende de cu\u00e1nto tiempo m\u00e1s la OTAN seguir\u00e1 ignorando la necesidad objetiva de colaboraci\u00f3n y conexi\u00f3n de los recursos y potenciales de los actores internacionales frente a los desaf\u00edos y peligros colectivos, consign\u00f3 la agencia Ria Novosti.<\/span><\/p>\n<p><span class=\"text1noticias\"> <\/span><\/p>\n<p><span class=\"text1noticias\">Contrast\u00f3 el diplom\u00e1tico que, por el contrario, el bloque occidental intenta sin perspectiva alguna ejercer presi\u00f3n pol\u00edtica y militar sobre Rusia.<\/span><\/p>\n<p><span class=\"text1noticias\"> <\/span><\/p>\n<p><span class=\"text1noticias\">Mosc\u00fa aguarda una respuesta de la OTAN a la propuesta de medidas conjuntas para garantizar la seguridad de la aviaci\u00f3n aliada y rusa en la regi\u00f3n del B\u00e1ltico, donde el alto mando aliado con la batuta de Estados Unidos despleg\u00f3 tropas adicionales y armamentos, cerca de las fronteras de la Federaci\u00f3n, adem\u00e1s de constantes vuelos esp\u00edas.<\/span><\/p>\n<p><span class=\"text1noticias\"> <\/span><\/p>\n<p><span class=\"text1noticias\">Al respecto reiter\u00f3 Meshkov la apertura y disposici\u00f3n de este pa\u00eds a un di\u00e1logo directo con Bruselas en torno a un amplio espectro de temas pol\u00edticos y militares en la regi\u00f3n euroatl\u00e1ntica.<\/span><\/p>\n<p><span class=\"text1noticias\"> <\/span><\/p>\n<p><span class=\"text1noticias\">Una de las iniciativas locales durante la sesi\u00f3n del Consejo Rusia-OTAN, el pasado 13 de julio, tuvo que ver con un plan de medidas de confianza para la seguridad de los vuelos en el B\u00e1ltico, cuesti\u00f3n que gravita en el centro de las tensiones bilaterales, unido al despliegue de componentes estrat\u00e9gicos del escudo antimisiles de Estados Unidos en Europa del este.<\/span><\/p>\n<p><span class=\"text1noticias\"> <\/span><\/p>\n<p><span class=\"text1noticias\">Como parte de la estrategia de contenci\u00f3n y cerco contra Rusia, la OTAN ratific\u00f3 en una reciente cumbre el emplazamiento en 2017 de cuatro batallones adicionales en Varsovia, Polonia; y en Estonia, Letonia y Lituania, las tres exrep\u00fablicas sovi\u00e9ticas del <\/span>B\u00e1ltico.<\/p>\n<h6> 2016-07-25 09:24:23 <\/h6>\n<p><!--\n<link rel=\"stylesheet\" href=\"css\/bootstrap.min.css\">\n\n\n<ul class=\"pagination\">\n\t    \n\t\n\n<li >\n\t<a href='?page_no=18908'>Previous<\/a>\n\t<\/li>\n\n\n       \n    \n\n<li><a href='?page_no=1'>1<\/a><\/li>\n\n\n\n<li><a href='?page_no=2'>2<\/a><\/li>\n\n\n\n<li><a>...<\/a><\/li>\n\n\n\n<li><a href='?page_no=18907'>18907<\/a><\/li>\n\n\n\n<li><a href='?page_no=18908'>18908<\/a><\/li>\n\n\n\n<li class='active'><a>18909<\/a><\/li>\n\n\n\n<li><a href='?page_no=18910'>18910<\/a><\/li>\n\n\n\n<li><a href='?page_no=18911'>18911<\/a><\/li>\n\n\n\n<li><a>...<\/a><\/li>\n\n\n\n<li><a href='?page_no=51012'>51012<\/a><\/li>\n\n\n\n<li><a href='?page_no=51013'>51013<\/a><\/li>\n\n    \n\t\n\n<li >\n\t<a href='?page_no=18910'>Next<\/a>\n\t<\/li>\n\n\n    \n\n<li><a href='?page_no=51013'>Last &rsaquo;&rsaquo;<\/a><\/li>\n\n<\/ul>\n\n\n--><br \/>\n<\/body><\/p>\n","protected":false},"excerpt":{"rendered":"<p>Mosc\u00fa, 25 jul (PL) El viceministro de Asuntos Exteriores Alex\u00e9i Meshkov ratific\u00f3 hoy la voluntad de Rusia de restablecer los mecanismos de cooperaci\u00f3n con la Organizaci\u00f3n del Tratado del Atl\u00e1ntico Norte (OTAN) en temas de seguridad global, pero en condiciones de equidad. Afirm\u00f3 el vicecanciller que Mosc\u00fa en m\u00e1s de una ocasi\u00f3n reiter\u00f3 la disposici\u00f3n [&hellip;]<\/p>\n","protected":false},"author":3,"featured_media":0,"comment_status":"open","ping_status":"open","sticky":false,"template":"","format":"standard","meta":{"footnotes":""},"categories":[23],"tags":[],"class_list":["post-249264","post","type-post","status-publish","format-standard","hentry","category-internacional"],"_links":{"self":[{"href":"https:\/\/diariodominicano.com\/index.php?rest_route=\/wp\/v2\/posts\/249264","targetHints":{"allow":["GET"]}}],"collection":[{"href":"https:\/\/diariodominicano.com\/index.php?rest_route=\/wp\/v2\/posts"}],"about":[{"href":"https:\/\/diariodominicano.com\/index.php?rest_route=\/wp\/v2\/types\/post"}],"author":[{"embeddable":true,"href":"https:\/\/diariodominicano.com\/index.php?rest_route=\/wp\/v2\/users\/3"}],"replies":[{"embeddable":true,"href":"https:\/\/diariodominicano.com\/index.php?rest_route=%2Fwp%2Fv2%2Fcomments&post=249264"}],"version-history":[{"count":0,"href":"https:\/\/diariodominicano.com\/index.php?rest_route=\/wp\/v2\/posts\/249264\/revisions"}],"wp:attachment":[{"href":"https:\/\/diariodominicano.com\/index.php?rest_route=%2Fwp%2Fv2%2Fmedia&parent=249264"}],"wp:term":[{"taxonomy":"category","embeddable":true,"href":"https:\/\/diariodominicano.com\/index.php?rest_route=%2Fwp%2Fv2%2Fcategories&post=249264"},{"taxonomy":"post_tag","embeddable":true,"href":"https:\/\/diariodominicano.com\/index.php?rest_route=%2Fwp%2Fv2%2Ftags&post=249264"}],"curies":[{"name":"wp","href":"https:\/\/api.w.org\/{rel}","templated":true}]}}