{"id":249263,"date":"2016-07-25T10:04:55","date_gmt":"2016-07-25T10:04:55","guid":{"rendered":"http:\/\/diariodominicano.ddns.net\/?p=249263"},"modified":"2016-07-25T10:04:55","modified_gmt":"2016-07-25T10:04:55","slug":"cristina-fernandez-encabeza-encuesta-para-senadora","status":"publish","type":"post","link":"https:\/\/diariodominicano.com\/?p=249263","title":{"rendered":"Cristina Fern\u00e1ndez encabeza encuesta para senadora"},"content":{"rendered":"<p><body><\/p>\n<p><img decoding=\"async\" src=\"img3\/cristina-fernandez25-7.jpg\" \/>  <\/p>\n<p><span class=\"text1noticias\">Buenos Aires, 25 jul (PL) La expresidenta argentina Cristina Fern\u00e1ndez cuenta hoy con los votos suficientes para convertirse en senadora nacional por la provincia de Buenos Aires, seg\u00fan una encuesta de la consultora Dicen realizada durante este mes.<\/span><\/p>\n<p><span class=\"text1noticias\"> <\/span><\/p>\n<p><span class=\"text1noticias\">El estudio, divulgado por Diario Registrado, arroja que la exdignataria, pese a la intensa campa\u00f1a de descr\u00e9dito que afronta, obtiene 32 por ciento de los votos, frente a 25 de Sergio Massa, del Frente Renovador, y 15 de Elisa Carrio, referente de la oficialista alianza Cambiemos.<\/span><\/p>\n<p><span class=\"text1noticias\"> <\/span><\/p>\n<p><span class=\"text1noticias\">Despu\u00e9s se ubican Margarita Stolbizer, del partido GEN, con ocho por ciento; Florencio Randazzo, del Partido Justicialista (PJ), con siete, y N\u00e9stor Pitrola, del Frente de Izquierda, con dos por ciento.<\/span><\/p>\n<p><span class=\"text1noticias\"> <\/span><\/p>\n<p><span class=\"text1noticias\">Con Daniel Scioli como candidato de unidad entre el PJ y el Frente para la Victoria, el candidato justicialista tambi\u00e9n ganar\u00eda con 33 por ciento, por delante de Massa (26), Carri\u00f3 (17), Stolbizer (11) y Pitrola (cuatro).<\/span><\/p>\n<p><span class=\"text1noticias\"> <\/span><\/p>\n<p><span class=\"text1noticias\">En cuanto a la imagen positiva entre las principales figuras pol\u00edticas, destaca Massa con 57 por ciento, pero con relativamente baja opini\u00f3n de \u00abmuy buena\u00bb (18), en tanto Cristina Fern\u00e1ndez se ubica en segundo lugar con 47 por ciento de positiva, pero con 30 puntos de \u00abmuy buena\u00bb.<\/span><\/p>\n<p><span class=\"text1noticias\"> <\/span><\/p>\n<p><span class=\"text1noticias\">Les siguen Scioli con 46 de positiva y 18 de muy buena, el presidente Mauricio Macri con 45 positiva y 21 de muy buena, y cierra el grupo Florencio Randazzo con 42 por ciento de positiva y 16 de muy buena.<\/span><\/p>\n<p><span class=\"text1noticias\"> <\/span><\/p>\n<p><span class=\"text1noticias\">En una entrevista que otorg\u00f3 a cinco medios extranjeros y uno argentino en su casa de El Calafate, provincia de Santa Cruz, Cristina Fern\u00e1ndez insisti\u00f3 en que es una figura pol\u00edtica que sufre una persecuci\u00f3n judicial y que por esa sa\u00f1a en su contra podr\u00eda terminar encarcelada. La exmandataria afirm\u00f3 que no teme en absoluto ir a la c\u00e1rcel, y agreg\u00f3: \u00abSer peronista en este pa\u00eds no es gratis\u00bb.<\/span><\/p>\n<p><span class=\"text1noticias\"> <\/span><\/p>\n<p><span class=\"text1noticias\">Concedi\u00f3 la entrevista a los canales Al Jazeera, de Qatar, y Telesur; al diario La Jornada, de M\u00e9xico; a las agencias de noticias Reuters, del Reino Unido, y Sputnik, de Rusia, y al portal argentino de noticias Nodal.<\/span><\/p>\n<p><span class=\"text1noticias\"> <\/span><\/p>\n<p><span class=\"text1noticias\">Sobre el caso de corrupci\u00f3n de su exsecretario de Obras P\u00fablicas Jos\u00e9 L\u00f3pez, quien fue descubierto el mes pasado cuando intentaba esconder bolsos de dinero, dijo que es una situaci\u00f3n que puede ocurrirle a cualquier gobierno.<\/span><\/p>\n<p><span class=\"text1noticias\"> <\/span><\/p>\n<p><span class=\"text1noticias\">Sobre el tema de corrupci\u00f3n dispar\u00f3 contra su sucesor y familia: \u00abEscuchar a una persona que lleve el apellido Macri hablar de saqueo del Estado, hablar de la obra p\u00fablica o hablar de determinadas cosas, realmente me parece una falta de respeto a la memoria y a la historia reciente de los argentinos\u00bb.<\/span><\/p>\n<p><span class=\"text1noticias\"> <\/span><\/p>\n<p><span class=\"text1noticias\">Cuestion\u00f3 al Presidente por las facturas de gas, que las tienen que pagar opositores y seguidores, y por el esc\u00e1ndalo de los Panam\u00e1 Papers.<\/span><\/p>\n<p><span class=\"text1noticias\"> <\/span><\/p>\n<p><span class=\"text1noticias\">Acerca de la causas que le imputan, dijo que se debe a los programas, planes y medidas populares que adopt\u00f3, y dijo no temer ir a la c\u00e1rcel. \u00abSi hubiera tenido temor, no hubiera hecho no solamente las cosas que hice en el gobierno\u00bb, se defendi\u00f3.<\/span><\/p>\n<p><span class=\"text1noticias\"> <\/span><\/p>\n<p><span class=\"text1noticias\">Entre otras medidas mencion\u00f3 los juicios contra los represores de la dictadura, la recuperaci\u00f3n de edificios como la Escuela de Mec\u00e1nica de la Armada para d\u00e1rselos a la memoria, que el Estado asegurara las jubilaciones, promover que los trabajadores tuvieran un salario digno y motorizar la econom\u00eda.<\/span><\/p>\n<p><span class=\"text1noticias\"> <\/span><\/p>\n<p><span class=\"text1noticias\">\u00abEst\u00e1 claro que uno de los riesgos por hacer esas cosas es la c\u00e1rcel y que lo persigan pol\u00edticamente. Otro no tendr\u00eda ese rie<\/span>sgo\u00bb, acot\u00f3.<\/p>\n<h6> 2016-07-25 10:04:55 <\/h6>\n<p><!--\n<link rel=\"stylesheet\" href=\"css\/bootstrap.min.css\">\n\n\n<ul class=\"pagination\">\n\t    \n\t\n\n<li >\n\t<a href='?page_no=18907'>Previous<\/a>\n\t<\/li>\n\n\n       \n    \n\n<li><a href='?page_no=1'>1<\/a><\/li>\n\n\n\n<li><a href='?page_no=2'>2<\/a><\/li>\n\n\n\n<li><a>...<\/a><\/li>\n\n\n\n<li><a href='?page_no=18906'>18906<\/a><\/li>\n\n\n\n<li><a href='?page_no=18907'>18907<\/a><\/li>\n\n\n\n<li class='active'><a>18908<\/a><\/li>\n\n\n\n<li><a href='?page_no=18909'>18909<\/a><\/li>\n\n\n\n<li><a href='?page_no=18910'>18910<\/a><\/li>\n\n\n\n<li><a>...<\/a><\/li>\n\n\n\n<li><a href='?page_no=51012'>51012<\/a><\/li>\n\n\n\n<li><a href='?page_no=51013'>51013<\/a><\/li>\n\n    \n\t\n\n<li >\n\t<a href='?page_no=18909'>Next<\/a>\n\t<\/li>\n\n\n    \n\n<li><a href='?page_no=51013'>Last &rsaquo;&rsaquo;<\/a><\/li>\n\n<\/ul>\n\n\n--><br \/>\n<\/body><\/p>\n","protected":false},"excerpt":{"rendered":"<p>Buenos Aires, 25 jul (PL) La expresidenta argentina Cristina Fern\u00e1ndez cuenta hoy con los votos suficientes para convertirse en senadora nacional por la provincia de Buenos Aires, seg\u00fan una encuesta de la consultora Dicen realizada durante este mes. El estudio, divulgado por Diario Registrado, arroja que la exdignataria, pese a la intensa campa\u00f1a de descr\u00e9dito [&hellip;]<\/p>\n","protected":false},"author":3,"featured_media":0,"comment_status":"open","ping_status":"open","sticky":false,"template":"","format":"standard","meta":{"footnotes":""},"categories":[23],"tags":[],"class_list":["post-249263","post","type-post","status-publish","format-standard","hentry","category-internacional"],"_links":{"self":[{"href":"https:\/\/diariodominicano.com\/index.php?rest_route=\/wp\/v2\/posts\/249263","targetHints":{"allow":["GET"]}}],"collection":[{"href":"https:\/\/diariodominicano.com\/index.php?rest_route=\/wp\/v2\/posts"}],"about":[{"href":"https:\/\/diariodominicano.com\/index.php?rest_route=\/wp\/v2\/types\/post"}],"author":[{"embeddable":true,"href":"https:\/\/diariodominicano.com\/index.php?rest_route=\/wp\/v2\/users\/3"}],"replies":[{"embeddable":true,"href":"https:\/\/diariodominicano.com\/index.php?rest_route=%2Fwp%2Fv2%2Fcomments&post=249263"}],"version-history":[{"count":0,"href":"https:\/\/diariodominicano.com\/index.php?rest_route=\/wp\/v2\/posts\/249263\/revisions"}],"wp:attachment":[{"href":"https:\/\/diariodominicano.com\/index.php?rest_route=%2Fwp%2Fv2%2Fmedia&parent=249263"}],"wp:term":[{"taxonomy":"category","embeddable":true,"href":"https:\/\/diariodominicano.com\/index.php?rest_route=%2Fwp%2Fv2%2Fcategories&post=249263"},{"taxonomy":"post_tag","embeddable":true,"href":"https:\/\/diariodominicano.com\/index.php?rest_route=%2Fwp%2Fv2%2Ftags&post=249263"}],"curies":[{"name":"wp","href":"https:\/\/api.w.org\/{rel}","templated":true}]}}