{"id":249262,"date":"2016-07-25T10:21:13","date_gmt":"2016-07-25T10:21:13","guid":{"rendered":"http:\/\/diariodominicano.ddns.net\/?p=249262"},"modified":"2016-07-25T10:21:13","modified_gmt":"2016-07-25T10:21:13","slug":"provincia-cubana-de-sancti-spiritus-lista-para-acto-por-26-de-julio","status":"publish","type":"post","link":"https:\/\/diariodominicano.com\/?p=249262","title":{"rendered":"Provincia cubana de Sancti Sp\u00edritus lista para acto por 26 de julio"},"content":{"rendered":"<p><body><\/p>\n<p><img decoding=\"async\" src=\"img3\/cuba-plazaserafinsanchez25-7.jpg\" \/>  <\/p>\n<p><span class=\"text1noticias\">La Habana, 25 jul (PL) La provincia cubana de Sancti Sp\u00edritus est\u00e1 lista para realizar ma\u00f1ana el acto central por el aniversario 63 del asalto a los cuarteles Moncada y Carlos Manuel de C\u00e9spedes, confirmaron hoy medios locales de prensa.<\/span><\/p>\n<p><span class=\"text1noticias\"> <\/span><\/p>\n<p><span class=\"text1noticias\">Seg\u00fan el diario Granma, la conmemoraci\u00f3n de esta efem\u00e9rides, conocida como el D\u00eda de la Rebeld\u00eda Nacional, se producir\u00e1 desde las 7:00 hora local del martes en la Plaza de la Revoluci\u00f3n Mayor General Seraf\u00edn S\u00e1nchez Valdivia.<\/span><\/p>\n<p><span class=\"text1noticias\"> <\/span><\/p>\n<p><span class=\"text1noticias\">Las palabras centrales del acto, que contar\u00e1 con transmisi\u00f3n televisiva en vivo, ser\u00e1n pronunciadas por el segundo secretario del Comit\u00e9 Central del Partido Comunista de Cuba (PCC), Jos\u00e9 Ram\u00f3n Machado.<\/span><\/p>\n<p><span class=\"text1noticias\"> <\/span><\/p>\n<p><span class=\"text1noticias\">Banderas cubanas y del 26 de Julio ondean a ambos lados de la extensa explanada situada frente a la sede del Comit\u00e9 Provincial del PCC, donde se colocaron las ocho mil sillas que ocupar\u00e1n los asistentes al evento, entre ellos dirigentes del Partido y el Estado cubano.<\/span><\/p>\n<p><span class=\"text1noticias\"> <\/span><\/p>\n<p><span class=\"text1noticias\">De acuerdo con el diario espirituano Escambray, en un recorrido por el territorio Machado resalt\u00f3 que la provincia econ\u00f3micamente tiene \u00e1reas con un potencial grande para seguir desarroll\u00e1ndose y exhort\u00f3 a explotar esas alternativas en momentos en que se requiere producci\u00f3n, ahorro y eficiencia.<\/span><\/p>\n<p><span class=\"text1noticias\"> <\/span><\/p>\n<p><span class=\"text1noticias\">En tanto, el primer vicepresidente cubano, Miguel D\u00edaz-Canel, visit\u00f3 instalaciones de cultura, comercio, gastronom\u00eda y turismo, las cuales se sometieron a intensos procesos constructivos durante los \u00faltimos meses.<\/span><\/p>\n<p><span class=\"text1noticias\"> <\/span><\/p>\n<p><span class=\"text1noticias\">Tambi\u00e9n se conoci\u00f3 que la XXV edici\u00f3n de la Brigada puertorrique\u00f1a de Solidaridad con Cuba Juan Rius Rivera, un grupo estadounidense encabezado por la activista Gloria La Riva y una representaci\u00f3n de la XXVII Caravana Pastores por la Paz participar\u00e1n en la conmemoraci\u00f3n por el 26 de Julio.<\/span><\/p>\n<p><span class=\"text1noticias\"> <\/span><\/p>\n<p><span class=\"text1noticias\">Otros visitantes extranjeros ya confirmaron su presencia, entre ellos 13 estudiantes miembros de la Asociaci\u00f3n de Amistad Austria-Cuba, mientras que estar\u00e1n presentes j\u00f3venes de diversas nacionalidades que cursan estudios en universidades de Sancti Sp\u00edritus, adelant\u00f3 Escambray.<\/span><\/p>\n<p><span class=\"text1noticias\"> <\/span><\/p>\n<p><span class=\"text1noticias\">Esta noche, cerca de 100 artistas se unir\u00e1n en \u00e1reas del parque Seraf\u00edn S\u00e1nchez para protagonizar una gala cultural que ahondar\u00e1 en las tradiciones y valores patri\u00f3ticos espirituanos, y en el papel del l\u00edder hist\u00f3rico de la Revoluci\u00f3n cubana, Fidel Castro.<\/span><\/p>\n<p><span class=\"text1noticias\"> <\/span><\/p>\n<p><span class=\"text1noticias\">Los asaltos a los cuarteles Moncada, de Santiago de Cuba, y Carlos Manuel de C\u00e9spedes, de Bayamo, son considerados como el motor impulsor de futuras acciones que culminaron con el triunfo de la Revoluci\u00f3n el 1 de enero de 1959.<\/span><\/p>\n<p><span class=\"text1noticias\"> <\/span><\/p>\n<p><span class=\"text1noticias\">A partir de ese a\u00f1o, el 26 de julio comenz\u00f3 a ser rememorado con masivas concentraciones en toda la naci\u00f3n<\/span> caribe\u00f1a.<\/p>\n<h6> 2016-07-25 10:21:13 <\/h6>\n<p><!--\n<link rel=\"stylesheet\" href=\"css\/bootstrap.min.css\">\n\n\n<ul class=\"pagination\">\n\t    \n\t\n\n<li >\n\t<a href='?page_no=18906'>Previous<\/a>\n\t<\/li>\n\n\n       \n    \n\n<li><a href='?page_no=1'>1<\/a><\/li>\n\n\n\n<li><a href='?page_no=2'>2<\/a><\/li>\n\n\n\n<li><a>...<\/a><\/li>\n\n\n\n<li><a href='?page_no=18905'>18905<\/a><\/li>\n\n\n\n<li><a href='?page_no=18906'>18906<\/a><\/li>\n\n\n\n<li class='active'><a>18907<\/a><\/li>\n\n\n\n<li><a href='?page_no=18908'>18908<\/a><\/li>\n\n\n\n<li><a href='?page_no=18909'>18909<\/a><\/li>\n\n\n\n<li><a>...<\/a><\/li>\n\n\n\n<li><a href='?page_no=51012'>51012<\/a><\/li>\n\n\n\n<li><a href='?page_no=51013'>51013<\/a><\/li>\n\n    \n\t\n\n<li >\n\t<a href='?page_no=18908'>Next<\/a>\n\t<\/li>\n\n\n    \n\n<li><a href='?page_no=51013'>Last &rsaquo;&rsaquo;<\/a><\/li>\n\n<\/ul>\n\n\n--><br \/>\n<\/body><\/p>\n","protected":false},"excerpt":{"rendered":"<p>La Habana, 25 jul (PL) La provincia cubana de Sancti Sp\u00edritus est\u00e1 lista para realizar ma\u00f1ana el acto central por el aniversario 63 del asalto a los cuarteles Moncada y Carlos Manuel de C\u00e9spedes, confirmaron hoy medios locales de prensa. Seg\u00fan el diario Granma, la conmemoraci\u00f3n de esta efem\u00e9rides, conocida como el D\u00eda de la [&hellip;]<\/p>\n","protected":false},"author":3,"featured_media":0,"comment_status":"open","ping_status":"open","sticky":false,"template":"","format":"standard","meta":{"footnotes":""},"categories":[23],"tags":[],"class_list":["post-249262","post","type-post","status-publish","format-standard","hentry","category-internacional"],"_links":{"self":[{"href":"https:\/\/diariodominicano.com\/index.php?rest_route=\/wp\/v2\/posts\/249262","targetHints":{"allow":["GET"]}}],"collection":[{"href":"https:\/\/diariodominicano.com\/index.php?rest_route=\/wp\/v2\/posts"}],"about":[{"href":"https:\/\/diariodominicano.com\/index.php?rest_route=\/wp\/v2\/types\/post"}],"author":[{"embeddable":true,"href":"https:\/\/diariodominicano.com\/index.php?rest_route=\/wp\/v2\/users\/3"}],"replies":[{"embeddable":true,"href":"https:\/\/diariodominicano.com\/index.php?rest_route=%2Fwp%2Fv2%2Fcomments&post=249262"}],"version-history":[{"count":0,"href":"https:\/\/diariodominicano.com\/index.php?rest_route=\/wp\/v2\/posts\/249262\/revisions"}],"wp:attachment":[{"href":"https:\/\/diariodominicano.com\/index.php?rest_route=%2Fwp%2Fv2%2Fmedia&parent=249262"}],"wp:term":[{"taxonomy":"category","embeddable":true,"href":"https:\/\/diariodominicano.com\/index.php?rest_route=%2Fwp%2Fv2%2Fcategories&post=249262"},{"taxonomy":"post_tag","embeddable":true,"href":"https:\/\/diariodominicano.com\/index.php?rest_route=%2Fwp%2Fv2%2Ftags&post=249262"}],"curies":[{"name":"wp","href":"https:\/\/api.w.org\/{rel}","templated":true}]}}