{"id":249258,"date":"2016-07-25T11:36:48","date_gmt":"2016-07-25T11:36:48","guid":{"rendered":"http:\/\/diariodominicano.ddns.net\/?p=249258"},"modified":"2016-07-25T11:36:48","modified_gmt":"2016-07-25T11:36:48","slug":"ex-titular-del-bid-destaca-importancia-del-pacifico-para-mercosur","status":"publish","type":"post","link":"https:\/\/diariodominicano.com\/?p=249258","title":{"rendered":"Ex titular del BID destaca importancia del Pac\u00edfico para Mercosur"},"content":{"rendered":"<p><body><\/p>\n<p><img decoding=\"async\" src=\"img3\/Iglesias25-7.jpg\" \/>  <\/p>\n<p><span class=\"text1noticias\">  BUENOS AIRES, 25 jul (Xinhua) &#8212; El ex presidente del Banco Interamericano de Desarrollo (BID) y actual titular del Consejo Iberoamericano para la Productividad y Competitividad (CIPC), Enrique Iglesias, destac\u00f3 en Argentina la importancia del \u00e1rea del Pac\u00edfico para la econom\u00eda regional.<\/span><\/p>\n<p><span class=\"text1noticias\"> <\/span><\/p>\n<p><span class=\"text1noticias\">     En entrevista publicada este lunes por el diario \u00abCronista Comercial\u00bb, Iglesias subray\u00f3 adem\u00e1s la llegada de inversiones a Argentina desde Asia, \u00abparticularmente de China\u00bb.<\/span><\/p>\n<p><span class=\"text1noticias\"> <\/span><\/p>\n<p><span class=\"text1noticias\">     \u00abAsia est\u00e1 mostrando un fuerte inter\u00e9s, particularmente China\u00bb por invertir en Argentina, dijo, y agreg\u00f3: \u00abNo es un mal momento en materia de inversiones, pero para eso es fundamental que todos los pa\u00edses trabajen sosteniendo la confianza\u00bb.<\/span><\/p>\n<p><span class=\"text1noticias\"> <\/span><\/p>\n<p><span class=\"text1noticias\">     Iglesias estuvo en Argentina con motivo de un seminario que organiz\u00f3 la CIPC junto con el gobierno para abordar la manera de mejorar la competitividad del pa\u00eds austral.<\/span><\/p>\n<p><span class=\"text1noticias\"> <\/span><\/p>\n<p><span class=\"text1noticias\">     Al ser consultado sobre si el Mercado Com\u00fan del Sur (Mercosur) debe flexibilizarse para poder acercarse a la Alianza del Pac\u00edfico (AP), Iglesias dijo que \u00abdebe fortalecerse primero hacia adentro\u00bb.<\/span><\/p>\n<p><span class=\"text1noticias\"> <\/span><\/p>\n<p><span class=\"text1noticias\">     \u00abNo estamos aprovechando lo que podemos hacer entre nosotros mismos, y para eso es muy importante modernizar, flexibilizar el bloque (integrado por Argentina, Brasil, Paraguay, Uruguay y Venezuela)\u00bb, expres\u00f3.<\/span><\/p>\n<p><span class=\"text1noticias\"> <\/span><\/p>\n<p><span class=\"text1noticias\">     Agreg\u00f3: \u00abTenemos que tener claro que el mercado que cubre el Mercosur es una porci\u00f3n muy importante de Am\u00e9rica Latina, pero a partir de ah\u00ed hay que buscar las aperturas hacia otros mercados, y el Pac\u00edfico es un mercado muy importante\u00bb.<\/span><\/p>\n<p><span class=\"text1noticias\"> <\/span><\/p>\n<p><span class=\"text1noticias\">     Con relaci\u00f3n a Argentina, expres\u00f3 que \u00abse est\u00e1 haciendo un reordenamiento macroecon\u00f3mico, y eso es muy importante, sobre todo para hacer frente a los desaf\u00edos que hoy hay en el mundo y que se nos han incorporado en Am\u00e9rica Latina\u00bb.<\/span><\/p>\n<p><span class=\"text1noticias\"> <\/span><\/p>\n<p><span class=\"text1noticias\">     \u00abEs el caso del debilitamiento de los precios de las materias primas, que nos afecta a todos, especialmente a los pa\u00edses de Am\u00e9rica del sur\u00bb, consider\u00f3 Iglesias.<\/span><\/p>\n<p><span class=\"text1noticias\"> <\/span><\/p>\n<p><span class=\"text1noticias\">     Dijo que en t\u00e9rminos generales, \u00abnos estamos enfrentando a una nueva \u00e9poca, donde los llamados &#8216;vientos de cola&#8217; ya no operan m\u00e1s. Esto es lo que nos llev\u00f3 a hacer lo que estamos haciendo ac\u00e1: estimular la conciencia de que la mayor productividad es un desaf\u00edo al que no podemos escapar\u00bb.<\/span><\/p>\n<p><span class=\"text1noticias\"> <\/span><\/p>\n<p><span class=\"text1noticias\">     El ex titular del BID record\u00f3 que \u00abhay pa\u00edses en Europa donde la competitividad de las pymes (peque\u00f1as y medianas empresas) es el 80 por ciento de una grande, mientras que en Am\u00e9rica Latina es apenas un 20 por ciento, lo que nos hace pensar que tenemos ah\u00ed un desaf\u00edo im<\/span>portante\u00bb.<\/p>\n<h6> 2016-07-25 11:36:48 <\/h6>\n<p><!--\n<link rel=\"stylesheet\" href=\"css\/bootstrap.min.css\">\n\n\n<ul class=\"pagination\">\n\t    \n\t\n\n<li >\n\t<a href='?page_no=18902'>Previous<\/a>\n\t<\/li>\n\n\n       \n    \n\n<li><a href='?page_no=1'>1<\/a><\/li>\n\n\n\n<li><a href='?page_no=2'>2<\/a><\/li>\n\n\n\n<li><a>...<\/a><\/li>\n\n\n\n<li><a href='?page_no=18901'>18901<\/a><\/li>\n\n\n\n<li><a href='?page_no=18902'>18902<\/a><\/li>\n\n\n\n<li class='active'><a>18903<\/a><\/li>\n\n\n\n<li><a href='?page_no=18904'>18904<\/a><\/li>\n\n\n\n<li><a href='?page_no=18905'>18905<\/a><\/li>\n\n\n\n<li><a>...<\/a><\/li>\n\n\n\n<li><a href='?page_no=51012'>51012<\/a><\/li>\n\n\n\n<li><a href='?page_no=51013'>51013<\/a><\/li>\n\n    \n\t\n\n<li >\n\t<a href='?page_no=18904'>Next<\/a>\n\t<\/li>\n\n\n    \n\n<li><a href='?page_no=51013'>Last &rsaquo;&rsaquo;<\/a><\/li>\n\n<\/ul>\n\n\n--><br \/>\n<\/body><\/p>\n","protected":false},"excerpt":{"rendered":"<p>BUENOS AIRES, 25 jul (Xinhua) &#8212; El ex presidente del Banco Interamericano de Desarrollo (BID) y actual titular del Consejo Iberoamericano para la Productividad y Competitividad (CIPC), Enrique Iglesias, destac\u00f3 en Argentina la importancia del \u00e1rea del Pac\u00edfico para la econom\u00eda regional. En entrevista publicada este lunes por el diario \u00abCronista Comercial\u00bb, Iglesias subray\u00f3 adem\u00e1s [&hellip;]<\/p>\n","protected":false},"author":3,"featured_media":0,"comment_status":"open","ping_status":"open","sticky":false,"template":"","format":"standard","meta":{"footnotes":""},"categories":[23],"tags":[],"class_list":["post-249258","post","type-post","status-publish","format-standard","hentry","category-internacional"],"_links":{"self":[{"href":"https:\/\/diariodominicano.com\/index.php?rest_route=\/wp\/v2\/posts\/249258","targetHints":{"allow":["GET"]}}],"collection":[{"href":"https:\/\/diariodominicano.com\/index.php?rest_route=\/wp\/v2\/posts"}],"about":[{"href":"https:\/\/diariodominicano.com\/index.php?rest_route=\/wp\/v2\/types\/post"}],"author":[{"embeddable":true,"href":"https:\/\/diariodominicano.com\/index.php?rest_route=\/wp\/v2\/users\/3"}],"replies":[{"embeddable":true,"href":"https:\/\/diariodominicano.com\/index.php?rest_route=%2Fwp%2Fv2%2Fcomments&post=249258"}],"version-history":[{"count":0,"href":"https:\/\/diariodominicano.com\/index.php?rest_route=\/wp\/v2\/posts\/249258\/revisions"}],"wp:attachment":[{"href":"https:\/\/diariodominicano.com\/index.php?rest_route=%2Fwp%2Fv2%2Fmedia&parent=249258"}],"wp:term":[{"taxonomy":"category","embeddable":true,"href":"https:\/\/diariodominicano.com\/index.php?rest_route=%2Fwp%2Fv2%2Fcategories&post=249258"},{"taxonomy":"post_tag","embeddable":true,"href":"https:\/\/diariodominicano.com\/index.php?rest_route=%2Fwp%2Fv2%2Ftags&post=249258"}],"curies":[{"name":"wp","href":"https:\/\/api.w.org\/{rel}","templated":true}]}}