{"id":249257,"date":"2016-07-25T12:23:55","date_gmt":"2016-07-25T12:23:55","guid":{"rendered":"http:\/\/diariodominicano.ddns.net\/?p=249257"},"modified":"2016-07-25T12:23:55","modified_gmt":"2016-07-25T12:23:55","slug":"hijos-de-diplomaticos-indios-seran-sacados-de-pakistan","status":"publish","type":"post","link":"https:\/\/diariodominicano.com\/?p=249257","title":{"rendered":"Hijos de diplom\u00e1ticos indios ser\u00e1n sacados de Pakist\u00e1n"},"content":{"rendered":"<p><body><\/p>\n<p><img decoding=\"async\" src=\"img3\/Laindia25-7.jpg\" \/>  <\/p>\n<p><span class=\"text1noticias\">NUEVA DELHI, 25 jul (Xinhua) &#8212; La India solicit\u00f3 a sus diplom\u00e1ticos y otros funcionarios que trabajan en la Alta Comisi\u00f3n en Pakist\u00e1n que saquen a sus hijos de las escuelas locales en Islamabad y los env\u00eden de vuelta a casa en la India, indic\u00f3 hoy un vocero del Ministerio de Relaciones Exteriores indio.<\/span><\/p>\n<p><span class=\"text1noticias\"> <\/span><\/p>\n<p><span class=\"text1noticias\">     \u00abEso significa que ning\u00fan funcionario de la India en Pakist\u00e1n puede tener a sus hijos viviendo con ellos. Quienes busquen un puesto en Pakist\u00e1n deben tener en mente eso tambi\u00e9n\u00bb, se\u00f1al\u00f3 un funcionario citado por el peri\u00f3dico local \u00abTimes of India\u00bb.<\/span><\/p>\n<p><span class=\"text1noticias\"> <\/span><\/p>\n<p><span class=\"text1noticias\">     Sin embargo, por ahora las esposas pueden permanecer en Pakist\u00e1n, a\u00f1ade el informe.<\/span><\/p>\n<p><span class=\"text1noticias\"> <\/span><\/p>\n<p><span class=\"text1noticias\">     \u00abEs una pr\u00e1ctica normal de todos los pa\u00edses revisar las condiciones de su personal y las pol\u00edticas relacionadas con sus misiones diplom\u00e1ticas, considerando las circunstancias prevalecientes en esas estaciones\u00bb, se\u00f1al\u00f3 el portavoz del Ministerio de Relaciones Exteriores, Vikas Swarup.<\/span><\/p>\n<p><span class=\"text1noticias\"> <\/span><\/p>\n<p><span class=\"text1noticias\">     A los funcionarios adscritos a la Alta Comisi\u00f3n de la India en Islamabad se les aconsej\u00f3 que hagan los arreglos correspondientes para la educaci\u00f3n de sus hijos fuera de Pakist\u00e1n, hasta nuevo aviso, indic\u00f3 el vocero.<\/span><\/p>\n<p><span class=\"text1noticias\"> <\/span><\/p>\n<p><span class=\"text1noticias\">     La decisi\u00f3n se tom\u00f3 en 2015 para permitir a los funcionarios suficiente tiempo para hacer arreglos alternativos.<\/span><\/p>\n<p><span class=\"text1noticias\"> <\/span><\/p>\n<p><span class=\"text1noticias\">     La India ha solicitado a Pakist\u00e1n que refuerce la seguridad de los funcionarios indios que trabajan en Pakist\u00e1n, luego de las protestas surgidas por los enfrentamientos entre el ej\u00e9rcito de la India y manifestantes en Cachemira controlada por la India.<\/span><\/p>\n<p><span class=\"text1noticias\"> <\/span><\/p>\n<p><span class=\"text1noticias\">     \u00abEn vista de las amenazas de marchas y protestas en la Alta Comisi\u00f3n de la India en Islamabad, solicitamos al gobierno de Pakist\u00e1n que garantice la total seguridad de la Alta Comisi\u00f3n, de todos sus funcionarios y de sus familias en Pakist\u00e1n\u00bb, declar\u00f3 el gobierno de la India en un comunicado ant<\/span>erior. <\/p>\n<h6> 2016-07-25 12:23:55 <\/h6>\n<p><!--\n<link rel=\"stylesheet\" href=\"css\/bootstrap.min.css\">\n\n\n<ul class=\"pagination\">\n\t    \n\t\n\n<li >\n\t<a href='?page_no=18901'>Previous<\/a>\n\t<\/li>\n\n\n       \n    \n\n<li><a href='?page_no=1'>1<\/a><\/li>\n\n\n\n<li><a href='?page_no=2'>2<\/a><\/li>\n\n\n\n<li><a>...<\/a><\/li>\n\n\n\n<li><a href='?page_no=18900'>18900<\/a><\/li>\n\n\n\n<li><a href='?page_no=18901'>18901<\/a><\/li>\n\n\n\n<li class='active'><a>18902<\/a><\/li>\n\n\n\n<li><a href='?page_no=18903'>18903<\/a><\/li>\n\n\n\n<li><a href='?page_no=18904'>18904<\/a><\/li>\n\n\n\n<li><a>...<\/a><\/li>\n\n\n\n<li><a href='?page_no=51012'>51012<\/a><\/li>\n\n\n\n<li><a href='?page_no=51013'>51013<\/a><\/li>\n\n    \n\t\n\n<li >\n\t<a href='?page_no=18903'>Next<\/a>\n\t<\/li>\n\n\n    \n\n<li><a href='?page_no=51013'>Last &rsaquo;&rsaquo;<\/a><\/li>\n\n<\/ul>\n\n\n--><br \/>\n<\/body><\/p>\n","protected":false},"excerpt":{"rendered":"<p>NUEVA DELHI, 25 jul (Xinhua) &#8212; La India solicit\u00f3 a sus diplom\u00e1ticos y otros funcionarios que trabajan en la Alta Comisi\u00f3n en Pakist\u00e1n que saquen a sus hijos de las escuelas locales en Islamabad y los env\u00eden de vuelta a casa en la India, indic\u00f3 hoy un vocero del Ministerio de Relaciones Exteriores indio. \u00abEso [&hellip;]<\/p>\n","protected":false},"author":3,"featured_media":0,"comment_status":"open","ping_status":"open","sticky":false,"template":"","format":"standard","meta":{"footnotes":""},"categories":[23],"tags":[],"class_list":["post-249257","post","type-post","status-publish","format-standard","hentry","category-internacional"],"_links":{"self":[{"href":"https:\/\/diariodominicano.com\/index.php?rest_route=\/wp\/v2\/posts\/249257","targetHints":{"allow":["GET"]}}],"collection":[{"href":"https:\/\/diariodominicano.com\/index.php?rest_route=\/wp\/v2\/posts"}],"about":[{"href":"https:\/\/diariodominicano.com\/index.php?rest_route=\/wp\/v2\/types\/post"}],"author":[{"embeddable":true,"href":"https:\/\/diariodominicano.com\/index.php?rest_route=\/wp\/v2\/users\/3"}],"replies":[{"embeddable":true,"href":"https:\/\/diariodominicano.com\/index.php?rest_route=%2Fwp%2Fv2%2Fcomments&post=249257"}],"version-history":[{"count":0,"href":"https:\/\/diariodominicano.com\/index.php?rest_route=\/wp\/v2\/posts\/249257\/revisions"}],"wp:attachment":[{"href":"https:\/\/diariodominicano.com\/index.php?rest_route=%2Fwp%2Fv2%2Fmedia&parent=249257"}],"wp:term":[{"taxonomy":"category","embeddable":true,"href":"https:\/\/diariodominicano.com\/index.php?rest_route=%2Fwp%2Fv2%2Fcategories&post=249257"},{"taxonomy":"post_tag","embeddable":true,"href":"https:\/\/diariodominicano.com\/index.php?rest_route=%2Fwp%2Fv2%2Ftags&post=249257"}],"curies":[{"name":"wp","href":"https:\/\/api.w.org\/{rel}","templated":true}]}}