{"id":249256,"date":"2016-07-25T12:29:38","date_gmt":"2016-07-25T12:29:38","guid":{"rendered":"http:\/\/diariodominicano.ddns.net\/?p=249256"},"modified":"2016-07-25T12:29:38","modified_gmt":"2016-07-25T12:29:38","slug":"al-menos-12-muertos-en-ataque-suicida-con-coche-bomba-en-irak","status":"publish","type":"post","link":"https:\/\/diariodominicano.com\/?p=249256","title":{"rendered":"Al menos 12 muertos en ataque suicida con coche bomba en Irak"},"content":{"rendered":"<p><body><\/p>\n<p><span class=\"text1noticias\">  BAQUBA, Irak, 25 jul (Xinhua) &#8212; Al menos 12 personas murieron y otras 25 resultaron heridas este lunes en un ataque suicida con coche bomba en un poblado de la provincia oriental iraqu\u00ed de Diyala, dijo una fuente de la seguridad provincial a Xinhua.<\/span><\/p>\n<p><span class=\"text1noticias\"> <\/span><\/p>\n<p><span class=\"text1noticias\">     El ataque tuvo lugar en la ma\u00f1ana cuando un terrorista suicida condujo su veh\u00edculo cargado con explosivos contra un concurrido puesto de control en la entrada oriental del pueblo de Khalis, al oeste de la capital provincial, Baquba, y a unos 65 kil\u00f3metros al noreste de Bagdad, detall\u00f3 el funcionario bajo condici\u00f3n de anonimato.<\/span><\/p>\n<p><span class=\"text1noticias\"> <\/span><\/p>\n<p><span class=\"text1noticias\">     \u00abSeg\u00fan el \u00faltimo informe, 12 personas, entre ellas tres mujeres y dos ni\u00f1os, perdieron la vida y otras 25 resultaron heridas tras el ataque suicida con coche bomba en Diyala\u00bb, afirm\u00f3 el funcionario.<\/span><\/p>\n<p><span class=\"text1noticias\"> <\/span><\/p>\n<p><span class=\"text1noticias\">     La explosi\u00f3n hizo arder 13 veh\u00edculos civiles y dej\u00f3 varios m\u00e1s da\u00f1ados y destruy\u00f3 parte del edificio del puesto de control.<\/span><\/p>\n<p><span class=\"text1noticias\"> <\/span><\/p>\n<p><span class=\"text1noticias\">     Hasta el momento, ning\u00fan grupo ha reivindicado la autor\u00eda del ataque, aunque el Estado Isl\u00e1mico (EI) result\u00f3 estar detr\u00e1s de la mayor\u00eda de atentados suicidas similares en el pasado, con lugares concurridos como objetivos, incluyendo mercados, cafeter\u00edas y mezquitas en todo Irak.<\/span><\/p>\n<p><span class=\"text1noticias\"> <\/span><\/p>\n<p><span class=\"text1noticias\">     El ataque se produjo un d\u00eda despu\u00e9s de otra explosi\u00f3n suicida, reivindicada por el EI, en un concurrido puesto de control cerca de la plaza Adan, a la entrada del distrito chi\u00ed de Kadhmiyah, causando 21 muertos y 35 her<\/span>idos.<\/p>\n<h6> 2016-07-25 12:29:38 <\/h6>\n<p><!--\n<link rel=\"stylesheet\" href=\"css\/bootstrap.min.css\">\n\n\n<ul class=\"pagination\">\n\t    \n\t\n\n<li >\n\t<a href='?page_no=18900'>Previous<\/a>\n\t<\/li>\n\n\n       \n    \n\n<li><a href='?page_no=1'>1<\/a><\/li>\n\n\n\n<li><a href='?page_no=2'>2<\/a><\/li>\n\n\n\n<li><a>...<\/a><\/li>\n\n\n\n<li><a href='?page_no=18899'>18899<\/a><\/li>\n\n\n\n<li><a href='?page_no=18900'>18900<\/a><\/li>\n\n\n\n<li class='active'><a>18901<\/a><\/li>\n\n\n\n<li><a href='?page_no=18902'>18902<\/a><\/li>\n\n\n\n<li><a href='?page_no=18903'>18903<\/a><\/li>\n\n\n\n<li><a>...<\/a><\/li>\n\n\n\n<li><a href='?page_no=51012'>51012<\/a><\/li>\n\n\n\n<li><a href='?page_no=51013'>51013<\/a><\/li>\n\n    \n\t\n\n<li >\n\t<a href='?page_no=18902'>Next<\/a>\n\t<\/li>\n\n\n    \n\n<li><a href='?page_no=51013'>Last &rsaquo;&rsaquo;<\/a><\/li>\n\n<\/ul>\n\n\n--><br \/>\n<\/body><\/p>\n","protected":false},"excerpt":{"rendered":"<p>BAQUBA, Irak, 25 jul (Xinhua) &#8212; Al menos 12 personas murieron y otras 25 resultaron heridas este lunes en un ataque suicida con coche bomba en un poblado de la provincia oriental iraqu\u00ed de Diyala, dijo una fuente de la seguridad provincial a Xinhua. El ataque tuvo lugar en la ma\u00f1ana cuando un terrorista suicida [&hellip;]<\/p>\n","protected":false},"author":3,"featured_media":0,"comment_status":"open","ping_status":"open","sticky":false,"template":"","format":"standard","meta":{"footnotes":""},"categories":[23],"tags":[],"class_list":["post-249256","post","type-post","status-publish","format-standard","hentry","category-internacional"],"_links":{"self":[{"href":"https:\/\/diariodominicano.com\/index.php?rest_route=\/wp\/v2\/posts\/249256","targetHints":{"allow":["GET"]}}],"collection":[{"href":"https:\/\/diariodominicano.com\/index.php?rest_route=\/wp\/v2\/posts"}],"about":[{"href":"https:\/\/diariodominicano.com\/index.php?rest_route=\/wp\/v2\/types\/post"}],"author":[{"embeddable":true,"href":"https:\/\/diariodominicano.com\/index.php?rest_route=\/wp\/v2\/users\/3"}],"replies":[{"embeddable":true,"href":"https:\/\/diariodominicano.com\/index.php?rest_route=%2Fwp%2Fv2%2Fcomments&post=249256"}],"version-history":[{"count":0,"href":"https:\/\/diariodominicano.com\/index.php?rest_route=\/wp\/v2\/posts\/249256\/revisions"}],"wp:attachment":[{"href":"https:\/\/diariodominicano.com\/index.php?rest_route=%2Fwp%2Fv2%2Fmedia&parent=249256"}],"wp:term":[{"taxonomy":"category","embeddable":true,"href":"https:\/\/diariodominicano.com\/index.php?rest_route=%2Fwp%2Fv2%2Fcategories&post=249256"},{"taxonomy":"post_tag","embeddable":true,"href":"https:\/\/diariodominicano.com\/index.php?rest_route=%2Fwp%2Fv2%2Ftags&post=249256"}],"curies":[{"name":"wp","href":"https:\/\/api.w.org\/{rel}","templated":true}]}}