{"id":249255,"date":"2016-07-25T12:33:54","date_gmt":"2016-07-25T12:33:54","guid":{"rendered":"http:\/\/diariodominicano.ddns.net\/?p=249255"},"modified":"2016-07-25T12:33:54","modified_gmt":"2016-07-25T12:33:54","slug":"policia-de-brasil-detiene-ultimo-profugo-sospechoso-de-celula-terrorista","status":"publish","type":"post","link":"https:\/\/diariodominicano.com\/?p=249255","title":{"rendered":"Polic\u00eda de Brasil detiene \u00faltimo pr\u00f3fugo sospechoso de c\u00e9lula terrorista"},"content":{"rendered":"<p><body><\/p>\n<p><span class=\"text1noticias\">     RIO DE JANEIRO, 25 jul (Xinhua) &#8212; La Polic\u00eda Federal de Brasil inform\u00f3 hoy que detuvo al \u00faltimo sujeto que se encontraba pr\u00f3fugo de la justicia brasile\u00f1a acusado de formar una c\u00e9lula de 12 personas simpatizantes del grupo terrorista Estado Isl\u00e1mico.<\/span><\/p>\n<p><span class=\"text1noticias\"> <\/span><\/p>\n<p><span class=\"text1noticias\">     La entidad indic\u00f3 que el sospechoso, Leonid El Kadre de Melo, fue detenido la v\u00edspera por la noche en la estaci\u00f3n de autobuses de Comodoro en el estado de Mato Grosso (centro-oeste) a 655 kil\u00f3metros de Cuiab\u00e1, capital regional.<\/span><\/p>\n<p><span class=\"text1noticias\"> <\/span><\/p>\n<p><span class=\"text1noticias\">     El detenido formaba parte de este grupo de 12 personas que presuntamente planeaban cometer atentados durante los Juegos Ol\u00edmpicos de R\u00edo de Janeiro 2016 que se realizar\u00e1n en la ciudad brasile\u00f1a del 5 al 21 de agosto pr\u00f3ximo.<\/span><\/p>\n<p><span class=\"text1noticias\"> <\/span><\/p>\n<p><span class=\"text1noticias\">     El Kadre de Melo, quien trabajaba como mec\u00e1nico, ser\u00e1 trasladado a la prisi\u00f3n de m\u00e1xima seguridad de Campo Grande, capital regional de Mato Grosso do Sul (sur), donde ya se encuentran los otros 11 detenidos la semana pasada.<\/span><\/p>\n<p><span class=\"text1noticias\"> <\/span><\/p>\n<p><span class=\"text1noticias\">     La corporaci\u00f3n policiaca detuvo el pasado 21 de julio a 10 personas en siete estados del pa\u00eds sudamericano acusadas de planear atentados durante los Juegos Ol\u00edmpicos.  <\/span><\/p>\n<p><span class=\"text1noticias\"> <\/span><\/p>\n<p><span class=\"text1noticias\">     Posteriormente lanz\u00f3 adem\u00e1s una orden de b\u00fasqueda y captura contra otras dos personas integrantes del grupo, quienes no fueron detenidas ese d\u00eda.<\/span><\/p>\n<p><span class=\"text1noticias\"> <\/span><\/p>\n<p><span class=\"text1noticias\">     Una de estas personas se entreg\u00f3 un d\u00eda despu\u00e9s (22 de julio) en una comisar\u00eda de Mato Grosso, mientras que Melo fue detenido la v\u00edspera por la Polic\u00eda Federal.<\/span><\/p>\n<p><span class=\"text1noticias\"> <\/span><\/p>\n<p><span class=\"text1noticias\">     El ministro de Justicia de Brasil, Alexandre Moraes, afirm\u00f3 que los sujetos formaban una c\u00e9lula \u00abaficionada\u00bb y \u00abdesorganizada\u00bb que jur\u00f3 lealtad al Estado Isl\u00e1mico.<\/span><\/p>\n<p><span class=\"text1noticias\"> <\/span><\/p>\n<p><span class=\"text1noticias\">     Dijo que manten\u00edan contacto por internet mediante el intercambio de mensajes que hac\u00edan apolog\u00eda del terrorismo, adem\u00e1s de planear la compra de armas con la supuesta intenci\u00f3n de realizar un atentado durante los Juegos Ol\u00edmpicos.<\/span><\/p>\n<p><span class=\"text1noticias\"> <\/span><\/p>\n<p><span class=\"text1noticias\">     El gobierno brasile\u00f1o ampli\u00f3 las medidas de seguridad para el evento ol\u00edmpico a ra\u00edz del atentado terrorista efectuado en la ciudad francesa de Niza el pasado 14 de julio.<\/span><\/p>\n<p><span class=\"text1noticias\"> <\/span><\/p>\n<p><span class=\"text1noticias\">     Unos 87.000 elementos participar\u00e1n en las tareas de vigilancia durante R\u00edo de Janeiro 2016, entre militares, polic\u00edas y otros cuerpos de s<\/span>eguridad. <\/p>\n<h6> 2016-07-25 12:33:54 <\/h6>\n<p><!--\n<link rel=\"stylesheet\" href=\"css\/bootstrap.min.css\">\n\n\n<ul class=\"pagination\">\n\t    \n\t\n\n<li >\n\t<a href='?page_no=18899'>Previous<\/a>\n\t<\/li>\n\n\n       \n    \n\n<li><a href='?page_no=1'>1<\/a><\/li>\n\n\n\n<li><a href='?page_no=2'>2<\/a><\/li>\n\n\n\n<li><a>...<\/a><\/li>\n\n\n\n<li><a href='?page_no=18898'>18898<\/a><\/li>\n\n\n\n<li><a href='?page_no=18899'>18899<\/a><\/li>\n\n\n\n<li class='active'><a>18900<\/a><\/li>\n\n\n\n<li><a href='?page_no=18901'>18901<\/a><\/li>\n\n\n\n<li><a href='?page_no=18902'>18902<\/a><\/li>\n\n\n\n<li><a>...<\/a><\/li>\n\n\n\n<li><a href='?page_no=51012'>51012<\/a><\/li>\n\n\n\n<li><a href='?page_no=51013'>51013<\/a><\/li>\n\n    \n\t\n\n<li >\n\t<a href='?page_no=18901'>Next<\/a>\n\t<\/li>\n\n\n    \n\n<li><a href='?page_no=51013'>Last &rsaquo;&rsaquo;<\/a><\/li>\n\n<\/ul>\n\n\n--><br \/>\n<\/body><\/p>\n","protected":false},"excerpt":{"rendered":"<p>RIO DE JANEIRO, 25 jul (Xinhua) &#8212; La Polic\u00eda Federal de Brasil inform\u00f3 hoy que detuvo al \u00faltimo sujeto que se encontraba pr\u00f3fugo de la justicia brasile\u00f1a acusado de formar una c\u00e9lula de 12 personas simpatizantes del grupo terrorista Estado Isl\u00e1mico. La entidad indic\u00f3 que el sospechoso, Leonid El Kadre de Melo, fue detenido la [&hellip;]<\/p>\n","protected":false},"author":3,"featured_media":0,"comment_status":"open","ping_status":"open","sticky":false,"template":"","format":"standard","meta":{"footnotes":""},"categories":[23],"tags":[],"class_list":["post-249255","post","type-post","status-publish","format-standard","hentry","category-internacional"],"_links":{"self":[{"href":"https:\/\/diariodominicano.com\/index.php?rest_route=\/wp\/v2\/posts\/249255","targetHints":{"allow":["GET"]}}],"collection":[{"href":"https:\/\/diariodominicano.com\/index.php?rest_route=\/wp\/v2\/posts"}],"about":[{"href":"https:\/\/diariodominicano.com\/index.php?rest_route=\/wp\/v2\/types\/post"}],"author":[{"embeddable":true,"href":"https:\/\/diariodominicano.com\/index.php?rest_route=\/wp\/v2\/users\/3"}],"replies":[{"embeddable":true,"href":"https:\/\/diariodominicano.com\/index.php?rest_route=%2Fwp%2Fv2%2Fcomments&post=249255"}],"version-history":[{"count":0,"href":"https:\/\/diariodominicano.com\/index.php?rest_route=\/wp\/v2\/posts\/249255\/revisions"}],"wp:attachment":[{"href":"https:\/\/diariodominicano.com\/index.php?rest_route=%2Fwp%2Fv2%2Fmedia&parent=249255"}],"wp:term":[{"taxonomy":"category","embeddable":true,"href":"https:\/\/diariodominicano.com\/index.php?rest_route=%2Fwp%2Fv2%2Fcategories&post=249255"},{"taxonomy":"post_tag","embeddable":true,"href":"https:\/\/diariodominicano.com\/index.php?rest_route=%2Fwp%2Fv2%2Ftags&post=249255"}],"curies":[{"name":"wp","href":"https:\/\/api.w.org\/{rel}","templated":true}]}}